{"id":2485,"date":"2021-11-23T12:07:49","date_gmt":"2021-11-23T12:07:49","guid":{"rendered":"https:\/\/www.grupodcc3000.com\/asociado\/azulejosmatallana\/intermatex-acuerdo\/"},"modified":"2021-11-23T12:07:49","modified_gmt":"2021-11-23T12:07:49","slug":"intermatex-acuerdo","status":"publish","type":"post","link":"https:\/\/www.grupodcc3000.com\/asociado\/azulejosmatallana\/intermatex-acuerdo\/","title":{"rendered":"INTERMATEX: NUEVO ACUERDO INNOVADOR"},"content":{"rendered":"\n<figure class=\"wp-block-pullquote\"><blockquote><p>El <a href=\"https:\/\/www.grupodcc3000.com\/asociado\/blog\/ceramica\/\">nuevo acuerdo de renovaci\u00f3n<\/a> con <strong>Intermatex<\/strong>, empresa con m\u00e1s de 30 a\u00f1os de experiencia en el sector, nos permite seguir ofreciendo productos de gran calidad para satisfacer tus necesidades. Entre esos productos, encontramos las maderas y mallas, que a\u00fanan innovaci\u00f3n y vanguardia para ofrecer productos exclusivos.&nbsp;<\/p><\/blockquote><\/figure>\n\n\n\n<div class=\"wp-block-columns is-layout-flex wp-container-core-columns-is-layout-9d6595d7 wp-block-columns-is-layout-flex\">\n<div class=\"wp-block-column is-layout-flow wp-block-column-is-layout-flow\">\n<div class=\"wp-block-image\"><figure class=\"alignright size-large is-resized\"><img loading=\"lazy\" decoding=\"async\" src=\"http:\/\/www.grupodcc3000.com\/asociado\/wp-content\/uploads\/2021\/11\/INTERMATEX-3-768x1024.jpg\" alt=\"revestimiento\" class=\"wp-image-4458\" width=\"355\" height=\"473\"\/><\/figure><\/div>\n<\/div>\n\n\n\n<div class=\"wp-block-column is-layout-flow wp-block-column-is-layout-flow\">\n<div class=\"wp-block-image\"><figure class=\"aligncenter size-large is-resized\"><img loading=\"lazy\" decoding=\"async\" src=\"http:\/\/www.grupodcc3000.com\/asociado\/wp-content\/uploads\/2021\/11\/INTERMATEX-2-768x1024.jpg\" alt=\"revestimiento\" class=\"wp-image-4459\" width=\"359\" height=\"478\"\/><\/figure><\/div>\n<\/div>\n\n\n\n<div class=\"wp-block-column is-layout-flow wp-block-column-is-layout-flow\">\n<div class=\"wp-block-image\"><figure class=\"alignleft size-large is-resized\"><img loading=\"lazy\" decoding=\"async\" src=\"http:\/\/www.grupodcc3000.com\/asociado\/wp-content\/uploads\/2021\/11\/INTERMATEX-4-768x1024.jpg\" alt=\"revestimiento marmol\" class=\"wp-image-4460\" width=\"357\" height=\"475\"\/><\/figure><\/div>\n<\/div>\n<\/div>\n\n\n\n<p><\/p>\n\n\n\n<p>Gracias al nuevo acuerdo, podemos ofrecer un <strong>amplio cat\u00e1logo de revestimiento para todo tipo de ambientes: exterior, interior, zonas h\u00famedas&#8230;<\/strong><\/p>\n\n\n\n<div class=\"wp-block-image\"><figure class=\"aligncenter size-medium is-resized\"><img loading=\"lazy\" decoding=\"async\" src=\"https:\/\/www.grupodcc3000.com\/asociado\/wp-content\/uploads\/2021\/11\/revestimiento-suelo-300x273.png\" alt=\"\" class=\"wp-image-2492\" width=\"797\" height=\"725\" srcset=\"https:\/\/www.grupodcc3000.com\/asociado\/azulejosmatallana\/wp-content\/uploads\/sites\/53\/2021\/11\/revestimiento-suelo-300x273.png 300w, https:\/\/www.grupodcc3000.com\/asociado\/azulejosmatallana\/wp-content\/uploads\/sites\/53\/2021\/11\/revestimiento-suelo-1024x933.png 1024w, https:\/\/www.grupodcc3000.com\/asociado\/azulejosmatallana\/wp-content\/uploads\/sites\/53\/2021\/11\/revestimiento-suelo-768x699.png 768w, https:\/\/www.grupodcc3000.com\/asociado\/azulejosmatallana\/wp-content\/uploads\/sites\/53\/2021\/11\/revestimiento-suelo-1080x984.png 1080w, https:\/\/www.grupodcc3000.com\/asociado\/azulejosmatallana\/wp-content\/uploads\/sites\/53\/2021\/11\/revestimiento-suelo-980x893.png 980w, https:\/\/www.grupodcc3000.com\/asociado\/azulejosmatallana\/wp-content\/uploads\/sites\/53\/2021\/11\/revestimiento-suelo-480x437.png 480w, https:\/\/www.grupodcc3000.com\/asociado\/azulejosmatallana\/wp-content\/uploads\/sites\/53\/2021\/11\/revestimiento-suelo.png 1232w\" sizes=\"(max-width: 797px) 100vw, 797px\" \/><\/figure><\/div>\n\n\n\n<p>\u00bfQuieres crear un ambiente sencillo, acogedor y a la \u00faltima moda? Las <strong>maderas y mallas<\/strong> de Intermatex son la mejor soluci\u00f3n. Las mallas son id\u00f3neas para prevenir esas grietas provocadas por los cambios climatol\u00f3gicos, lo que hace que la durabilidad de tu suelo se extienda y luzca como el primer d\u00eda con el paso de los a\u00f1os.&nbsp;<\/p>\n\n\n\n<figure class=\"wp-block-gallery columns-3 is-cropped wp-block-gallery-1 is-layout-flex wp-block-gallery-is-layout-flex\"><ul class=\"blocks-gallery-grid\"><li class=\"blocks-gallery-item\"><figure><img loading=\"lazy\" decoding=\"async\" width=\"768\" height=\"768\" src=\"https:\/\/www.grupodcc3000.com\/asociado\/wp-content\/uploads\/2021\/11\/malla-primera.jpeg\" alt=\"\" data-id=\"2489\" data-full-url=\"https:\/\/www.grupodcc3000.com\/asociado\/wp-content\/uploads\/2021\/11\/malla-primera.jpeg\" data-link=\"https:\/\/www.grupodcc3000.com\/asociado\/?attachment_id=2489\" class=\"wp-image-2489\" srcset=\"https:\/\/www.grupodcc3000.com\/asociado\/azulejosmatallana\/wp-content\/uploads\/sites\/53\/2021\/11\/malla-primera.jpeg 768w, https:\/\/www.grupodcc3000.com\/asociado\/azulejosmatallana\/wp-content\/uploads\/sites\/53\/2021\/11\/malla-primera-300x300.jpeg 300w, https:\/\/www.grupodcc3000.com\/asociado\/azulejosmatallana\/wp-content\/uploads\/sites\/53\/2021\/11\/malla-primera-150x150.jpeg 150w, https:\/\/www.grupodcc3000.com\/asociado\/azulejosmatallana\/wp-content\/uploads\/sites\/53\/2021\/11\/malla-primera-480x480.jpeg 480w\" sizes=\"(max-width: 768px) 100vw, 768px\" \/><\/figure><\/li><li class=\"blocks-gallery-item\"><figure><img loading=\"lazy\" decoding=\"async\" width=\"768\" height=\"768\" src=\"https:\/\/www.grupodcc3000.com\/asociado\/wp-content\/uploads\/2021\/11\/malla-central.jpeg\" alt=\"\" data-id=\"2488\" data-full-url=\"https:\/\/www.grupodcc3000.com\/asociado\/wp-content\/uploads\/2021\/11\/malla-central.jpeg\" data-link=\"https:\/\/www.grupodcc3000.com\/asociado\/?attachment_id=2488\" class=\"wp-image-2488\" srcset=\"https:\/\/www.grupodcc3000.com\/asociado\/azulejosmatallana\/wp-content\/uploads\/sites\/53\/2021\/11\/malla-central.jpeg 768w, https:\/\/www.grupodcc3000.com\/asociado\/azulejosmatallana\/wp-content\/uploads\/sites\/53\/2021\/11\/malla-central-300x300.jpeg 300w, https:\/\/www.grupodcc3000.com\/asociado\/azulejosmatallana\/wp-content\/uploads\/sites\/53\/2021\/11\/malla-central-150x150.jpeg 150w, https:\/\/www.grupodcc3000.com\/asociado\/azulejosmatallana\/wp-content\/uploads\/sites\/53\/2021\/11\/malla-central-480x480.jpeg 480w\" sizes=\"(max-width: 768px) 100vw, 768px\" \/><\/figure><\/li><li class=\"blocks-gallery-item\"><figure><img loading=\"lazy\" decoding=\"async\" width=\"768\" height=\"768\" src=\"https:\/\/www.grupodcc3000.com\/asociado\/wp-content\/uploads\/2021\/11\/malla-final.jpeg\" alt=\"\" data-id=\"2487\" data-full-url=\"https:\/\/www.grupodcc3000.com\/asociado\/wp-content\/uploads\/2021\/11\/malla-final.jpeg\" data-link=\"https:\/\/www.grupodcc3000.com\/asociado\/?attachment_id=2487\" class=\"wp-image-2487\" srcset=\"https:\/\/www.grupodcc3000.com\/asociado\/azulejosmatallana\/wp-content\/uploads\/sites\/53\/2021\/11\/malla-final.jpeg 768w, https:\/\/www.grupodcc3000.com\/asociado\/azulejosmatallana\/wp-content\/uploads\/sites\/53\/2021\/11\/malla-final-300x300.jpeg 300w, https:\/\/www.grupodcc3000.com\/asociado\/azulejosmatallana\/wp-content\/uploads\/sites\/53\/2021\/11\/malla-final-150x150.jpeg 150w, https:\/\/www.grupodcc3000.com\/asociado\/azulejosmatallana\/wp-content\/uploads\/sites\/53\/2021\/11\/malla-final-480x480.jpeg 480w\" sizes=\"(max-width: 768px) 100vw, 768px\" \/><\/figure><\/li><\/ul><\/figure>\n\n\n\n<p>La <strong>madera<\/strong> aporta a los espacios ese toque que hace de tu hogar un lugar acogedor. Adem\u00e1s, en zonas exteriores viene pisando fuerte y en Intermatex disponen de una amplia variedad de pavimentos con revestimiento en madera perfectos para cada ambiente.<\/p>\n\n\n\n<div class=\"wp-block-columns is-layout-flex wp-container-core-columns-is-layout-9d6595d7 wp-block-columns-is-layout-flex\">\n<div class=\"wp-block-column is-layout-flow wp-block-column-is-layout-flow\">\n<div class=\"wp-block-image\"><figure class=\"alignright size-large is-resized\"><img loading=\"lazy\" decoding=\"async\" src=\"https:\/\/www.grupodcc3000.com\/asociado\/azulejosmatallana\/wp-content\/uploads\/sites\/53\/2021\/11\/madera-cabecero-1024x888.png\" alt=\"\" class=\"wp-image-2486\" width=\"568\" height=\"492\"\/><\/figure><\/div>\n<\/div>\n\n\n\n<div class=\"wp-block-column is-layout-flow wp-block-column-is-layout-flow\">\n<div class=\"wp-block-image\"><figure class=\"alignleft size-large is-resized\"><img loading=\"lazy\" decoding=\"async\" src=\"https:\/\/www.grupodcc3000.com\/asociado\/azulejosmatallana\/wp-content\/uploads\/sites\/53\/2021\/11\/madera-2-1-1024x966.png\" alt=\"\" class=\"wp-image-2495\" width=\"508\" height=\"479\"\/><\/figure><\/div>\n<\/div>\n<\/div>\n\n\n\n<div class=\"wp-block-columns is-layout-flex wp-container-core-columns-is-layout-9d6595d7 wp-block-columns-is-layout-flex\">\n<div class=\"wp-block-column is-layout-flow wp-block-column-is-layout-flow\" style=\"flex-basis:100%\"><\/div>\n<\/div>\n\n\n\n<p class=\"has-text-align-center\"><strong>Si est\u00e1s interesado en este tipo de productos, no dudes en visitar nuestra tienda.  \u00a1Estamos encantados de ayudarte!<\/strong><\/p>\n","protected":false},"excerpt":{"rendered":"<p>\ud835\udc04\ud835\udc25 \ud835\udc27\ud835\udc2e\ud835\udc1e\ud835\udc2f\ud835\udc28 \ud835\udc1a\ud835\udc1c\ud835\udc2e\ud835\udc1e\ud835\udc2b\ud835\udc1d\ud835\udc28 \ud835\udc1c\ud835\udc28\ud835\udc27 \ud835\udc08\ud835\udc27\ud835\udc2d\ud835\udc1e\ud835\udc2b\ud835\udc26\ud835\udc1a\ud835\udc2d\ud835\udc1e\ud835\udc31 nos permite seguir ofreci\u00e9ndote una amplia variedad de productos de calidad, como \ud835\udc25\ud835\udc1a\ud835\udc2c \ud835\udc26\ud835\udc1a\ud835\udc25\ud835\udc25\ud835\udc1a\ud835\udc2c \ud835\udc32 \ud835\udc25\ud835\udc28\ud835\udc2c \ud835\udc2b\ud835\udc1e\ud835\udc2f\ud835\udc1e\ud835\udc2c\ud835\udc2d\ud835\udc22\ud835\udc26\ud835\udc22\ud835\udc1e\ud835\udc27\ud835\udc2d\ud835\udc28\ud835\udc2c \ud835\udc1d\ud835\udc1e \ud835\udc26\ud835\udc1a\ud835\udc1d\ud835\udc1e\ud835\udc2b\ud835\udc1a. \u00a1Descubre m\u00e1s sobre este nuevo proveedor!<\/p>\n","protected":false},"author":4,"featured_media":2459,"comment_status":"open","ping_status":"open","sticky":false,"template":"","format":"standard","meta":{"_et_pb_use_builder":"off","_et_pb_old_content":"","_et_gb_content_width":"1920","footnotes":""},"categories":[1],"tags":[],"class_list":["post-2485","post","type-post","status-publish","format-standard","has-post-thumbnail","hentry","category-sin-categoria"],"yoast_head":"<!-- This site is optimized with the Yoast SEO plugin v27.1.1 - https:\/\/yoast.com\/product\/yoast-seo-wordpress\/ -->\n<title>INTERMATEX: NUEVO ACUERDO INNOVADOR - Azulejos Matallana<\/title>\n<meta name=\"description\" content=\"El nuevo acuerdo con Intermatex posibilita que te ofrezcamos una gran variedad de productos, como las mallas y los revestimientos de madera\" \/>\n<meta name=\"robots\" content=\"index, follow, max-snippet:-1, max-image-preview:large, max-video-preview:-1\" \/>\n<link rel=\"canonical\" href=\"https:\/\/www.grupodcc3000.com\/asociado\/azulejosmatallana\/intermatex-acuerdo\/\" \/>\n<meta property=\"og:locale\" content=\"es_ES\" \/>\n<meta property=\"og:type\" content=\"article\" \/>\n<meta property=\"og:title\" content=\"INTERMATEX: NUEVO ACUERDO INNOVADOR - Azulejos Matallana\" \/>\n<meta property=\"og:description\" content=\"El nuevo acuerdo con Intermatex posibilita que te ofrezcamos una gran variedad de productos, como las mallas y los revestimientos de madera\" \/>\n<meta property=\"og:url\" content=\"https:\/\/www.grupodcc3000.com\/asociado\/azulejosmatallana\/intermatex-acuerdo\/\" \/>\n<meta property=\"og:site_name\" content=\"Azulejos Matallana\" \/>\n<meta property=\"article:published_time\" content=\"2021-11-23T12:07:49+00:00\" \/>\n<meta property=\"og:image\" content=\"https:\/\/www.grupodcc3000.com\/asociado\/azulejosmatallana\/wp-content\/uploads\/sites\/53\/2021\/11\/INTERMATEX-1-scaled.jpg\" \/>\n\t<meta property=\"og:image:width\" content=\"2560\" \/>\n\t<meta property=\"og:image:height\" content=\"1920\" \/>\n\t<meta property=\"og:image:type\" content=\"image\/jpeg\" \/>\n<meta name=\"author\" content=\"asociados\" \/>\n<meta name=\"twitter:card\" content=\"summary_large_image\" \/>\n<meta name=\"twitter:label1\" content=\"Escrito por\" \/>\n\t<meta name=\"twitter:data1\" content=\"asociados\" \/>\n\t<meta name=\"twitter:label2\" content=\"Tiempo de lectura\" \/>\n\t<meta name=\"twitter:data2\" content=\"3 minutos\" \/>\n<script type=\"application\/ld+json\" class=\"yoast-schema-graph\">{\"@context\":\"https:\/\/schema.org\",\"@graph\":[{\"@type\":\"Article\",\"@id\":\"https:\/\/www.grupodcc3000.com\/asociado\/azulejosmatallana\/intermatex-acuerdo\/#article\",\"isPartOf\":{\"@id\":\"https:\/\/www.grupodcc3000.com\/asociado\/azulejosmatallana\/intermatex-acuerdo\/\"},\"author\":{\"name\":\"asociados\",\"@id\":\"https:\/\/www.grupodcc3000.com\/asociado\/azulejosmatallana\/#\/schema\/person\/2b64f2e2bd240c328e3e8d0df54cd119\"},\"headline\":\"INTERMATEX: NUEVO ACUERDO INNOVADOR\",\"datePublished\":\"2021-11-23T12:07:49+00:00\",\"mainEntityOfPage\":{\"@id\":\"https:\/\/www.grupodcc3000.com\/asociado\/azulejosmatallana\/intermatex-acuerdo\/\"},\"wordCount\":202,\"commentCount\":0,\"image\":{\"@id\":\"https:\/\/www.grupodcc3000.com\/asociado\/azulejosmatallana\/intermatex-acuerdo\/#primaryimage\"},\"thumbnailUrl\":\"https:\/\/www.grupodcc3000.com\/asociado\/azulejosmatallana\/wp-content\/uploads\/sites\/53\/2021\/11\/INTERMATEX-1-scaled.jpg\",\"inLanguage\":\"es\",\"potentialAction\":[{\"@type\":\"CommentAction\",\"name\":\"Comment\",\"target\":[\"https:\/\/www.grupodcc3000.com\/asociado\/azulejosmatallana\/intermatex-acuerdo\/#respond\"]}]},{\"@type\":\"WebPage\",\"@id\":\"https:\/\/www.grupodcc3000.com\/asociado\/azulejosmatallana\/intermatex-acuerdo\/\",\"url\":\"https:\/\/www.grupodcc3000.com\/asociado\/azulejosmatallana\/intermatex-acuerdo\/\",\"name\":\"INTERMATEX: NUEVO ACUERDO INNOVADOR - Azulejos Matallana\",\"isPartOf\":{\"@id\":\"https:\/\/www.grupodcc3000.com\/asociado\/azulejosmatallana\/#website\"},\"primaryImageOfPage\":{\"@id\":\"https:\/\/www.grupodcc3000.com\/asociado\/azulejosmatallana\/intermatex-acuerdo\/#primaryimage\"},\"image\":{\"@id\":\"https:\/\/www.grupodcc3000.com\/asociado\/azulejosmatallana\/intermatex-acuerdo\/#primaryimage\"},\"thumbnailUrl\":\"https:\/\/www.grupodcc3000.com\/asociado\/azulejosmatallana\/wp-content\/uploads\/sites\/53\/2021\/11\/INTERMATEX-1-scaled.jpg\",\"datePublished\":\"2021-11-23T12:07:49+00:00\",\"author\":{\"@id\":\"https:\/\/www.grupodcc3000.com\/asociado\/azulejosmatallana\/#\/schema\/person\/2b64f2e2bd240c328e3e8d0df54cd119\"},\"description\":\"El nuevo acuerdo con Intermatex posibilita que te ofrezcamos una gran variedad de productos, como las mallas y los revestimientos de madera\",\"breadcrumb\":{\"@id\":\"https:\/\/www.grupodcc3000.com\/asociado\/azulejosmatallana\/intermatex-acuerdo\/#breadcrumb\"},\"inLanguage\":\"es\",\"potentialAction\":[{\"@type\":\"ReadAction\",\"target\":[\"https:\/\/www.grupodcc3000.com\/asociado\/azulejosmatallana\/intermatex-acuerdo\/\"]}]},{\"@type\":\"ImageObject\",\"inLanguage\":\"es\",\"@id\":\"https:\/\/www.grupodcc3000.com\/asociado\/azulejosmatallana\/intermatex-acuerdo\/#primaryimage\",\"url\":\"https:\/\/www.grupodcc3000.com\/asociado\/azulejosmatallana\/wp-content\/uploads\/sites\/53\/2021\/11\/INTERMATEX-1-scaled.jpg\",\"contentUrl\":\"https:\/\/www.grupodcc3000.com\/asociado\/azulejosmatallana\/wp-content\/uploads\/sites\/53\/2021\/11\/INTERMATEX-1-scaled.jpg\",\"width\":2560,\"height\":1920},{\"@type\":\"BreadcrumbList\",\"@id\":\"https:\/\/www.grupodcc3000.com\/asociado\/azulejosmatallana\/intermatex-acuerdo\/#breadcrumb\",\"itemListElement\":[{\"@type\":\"ListItem\",\"position\":1,\"name\":\"Portada\",\"item\":\"https:\/\/www.grupodcc3000.com\/asociado\/azulejosmatallana\/\"},{\"@type\":\"ListItem\",\"position\":2,\"name\":\"INTERMATEX: NUEVO ACUERDO INNOVADOR\"}]},{\"@type\":\"WebSite\",\"@id\":\"https:\/\/www.grupodcc3000.com\/asociado\/azulejosmatallana\/#website\",\"url\":\"https:\/\/www.grupodcc3000.com\/asociado\/azulejosmatallana\/\",\"name\":\"Azulejos Matallana\",\"description\":\"Otro sitio m\u00e1s de Asociados GrupoDCC3000\",\"potentialAction\":[{\"@type\":\"SearchAction\",\"target\":{\"@type\":\"EntryPoint\",\"urlTemplate\":\"https:\/\/www.grupodcc3000.com\/asociado\/azulejosmatallana\/?s={search_term_string}\"},\"query-input\":{\"@type\":\"PropertyValueSpecification\",\"valueRequired\":true,\"valueName\":\"search_term_string\"}}],\"inLanguage\":\"es\"},{\"@type\":\"Person\",\"@id\":\"https:\/\/www.grupodcc3000.com\/asociado\/azulejosmatallana\/#\/schema\/person\/2b64f2e2bd240c328e3e8d0df54cd119\",\"name\":\"asociados\",\"image\":{\"@type\":\"ImageObject\",\"inLanguage\":\"es\",\"@id\":\"https:\/\/www.grupodcc3000.com\/asociado\/azulejosmatallana\/#\/schema\/person\/image\/\",\"url\":\"https:\/\/secure.gravatar.com\/avatar\/6b41fd62627be1e31dd70c283f3c5188b54fd100fda2f47adaaedb335e881254?s=96&d=mm&r=g\",\"contentUrl\":\"https:\/\/secure.gravatar.com\/avatar\/6b41fd62627be1e31dd70c283f3c5188b54fd100fda2f47adaaedb335e881254?s=96&d=mm&r=g\",\"caption\":\"asociados\"},\"url\":\"https:\/\/www.grupodcc3000.com\/asociado\/azulejosmatallana\/author\/asociados\/\"}]}<\/script>\n<!-- \/ Yoast SEO plugin. -->","yoast_head_json":{"title":"INTERMATEX: NUEVO ACUERDO INNOVADOR - Azulejos Matallana","description":"El nuevo acuerdo con Intermatex posibilita que te ofrezcamos una gran variedad de productos, como las mallas y los revestimientos de madera","robots":{"index":"index","follow":"follow","max-snippet":"max-snippet:-1","max-image-preview":"max-image-preview:large","max-video-preview":"max-video-preview:-1"},"canonical":"https:\/\/www.grupodcc3000.com\/asociado\/azulejosmatallana\/intermatex-acuerdo\/","og_locale":"es_ES","og_type":"article","og_title":"INTERMATEX: NUEVO ACUERDO INNOVADOR - Azulejos Matallana","og_description":"El nuevo acuerdo con Intermatex posibilita que te ofrezcamos una gran variedad de productos, como las mallas y los revestimientos de madera","og_url":"https:\/\/www.grupodcc3000.com\/asociado\/azulejosmatallana\/intermatex-acuerdo\/","og_site_name":"Azulejos Matallana","article_published_time":"2021-11-23T12:07:49+00:00","og_image":[{"width":2560,"height":1920,"url":"https:\/\/www.grupodcc3000.com\/asociado\/azulejosmatallana\/wp-content\/uploads\/sites\/53\/2021\/11\/INTERMATEX-1-scaled.jpg","type":"image\/jpeg"}],"author":"asociados","twitter_card":"summary_large_image","twitter_misc":{"Escrito por":"asociados","Tiempo de lectura":"3 minutos"},"schema":{"@context":"https:\/\/schema.org","@graph":[{"@type":"Article","@id":"https:\/\/www.grupodcc3000.com\/asociado\/azulejosmatallana\/intermatex-acuerdo\/#article","isPartOf":{"@id":"https:\/\/www.grupodcc3000.com\/asociado\/azulejosmatallana\/intermatex-acuerdo\/"},"author":{"name":"asociados","@id":"https:\/\/www.grupodcc3000.com\/asociado\/azulejosmatallana\/#\/schema\/person\/2b64f2e2bd240c328e3e8d0df54cd119"},"headline":"INTERMATEX: NUEVO ACUERDO INNOVADOR","datePublished":"2021-11-23T12:07:49+00:00","mainEntityOfPage":{"@id":"https:\/\/www.grupodcc3000.com\/asociado\/azulejosmatallana\/intermatex-acuerdo\/"},"wordCount":202,"commentCount":0,"image":{"@id":"https:\/\/www.grupodcc3000.com\/asociado\/azulejosmatallana\/intermatex-acuerdo\/#primaryimage"},"thumbnailUrl":"https:\/\/www.grupodcc3000.com\/asociado\/azulejosmatallana\/wp-content\/uploads\/sites\/53\/2021\/11\/INTERMATEX-1-scaled.jpg","inLanguage":"es","potentialAction":[{"@type":"CommentAction","name":"Comment","target":["https:\/\/www.grupodcc3000.com\/asociado\/azulejosmatallana\/intermatex-acuerdo\/#respond"]}]},{"@type":"WebPage","@id":"https:\/\/www.grupodcc3000.com\/asociado\/azulejosmatallana\/intermatex-acuerdo\/","url":"https:\/\/www.grupodcc3000.com\/asociado\/azulejosmatallana\/intermatex-acuerdo\/","name":"INTERMATEX: NUEVO ACUERDO INNOVADOR - Azulejos Matallana","isPartOf":{"@id":"https:\/\/www.grupodcc3000.com\/asociado\/azulejosmatallana\/#website"},"primaryImageOfPage":{"@id":"https:\/\/www.grupodcc3000.com\/asociado\/azulejosmatallana\/intermatex-acuerdo\/#primaryimage"},"image":{"@id":"https:\/\/www.grupodcc3000.com\/asociado\/azulejosmatallana\/intermatex-acuerdo\/#primaryimage"},"thumbnailUrl":"https:\/\/www.grupodcc3000.com\/asociado\/azulejosmatallana\/wp-content\/uploads\/sites\/53\/2021\/11\/INTERMATEX-1-scaled.jpg","datePublished":"2021-11-23T12:07:49+00:00","author":{"@id":"https:\/\/www.grupodcc3000.com\/asociado\/azulejosmatallana\/#\/schema\/person\/2b64f2e2bd240c328e3e8d0df54cd119"},"description":"El nuevo acuerdo con Intermatex posibilita que te ofrezcamos una gran variedad de productos, como las mallas y los revestimientos de madera","breadcrumb":{"@id":"https:\/\/www.grupodcc3000.com\/asociado\/azulejosmatallana\/intermatex-acuerdo\/#breadcrumb"},"inLanguage":"es","potentialAction":[{"@type":"ReadAction","target":["https:\/\/www.grupodcc3000.com\/asociado\/azulejosmatallana\/intermatex-acuerdo\/"]}]},{"@type":"ImageObject","inLanguage":"es","@id":"https:\/\/www.grupodcc3000.com\/asociado\/azulejosmatallana\/intermatex-acuerdo\/#primaryimage","url":"https:\/\/www.grupodcc3000.com\/asociado\/azulejosmatallana\/wp-content\/uploads\/sites\/53\/2021\/11\/INTERMATEX-1-scaled.jpg","contentUrl":"https:\/\/www.grupodcc3000.com\/asociado\/azulejosmatallana\/wp-content\/uploads\/sites\/53\/2021\/11\/INTERMATEX-1-scaled.jpg","width":2560,"height":1920},{"@type":"BreadcrumbList","@id":"https:\/\/www.grupodcc3000.com\/asociado\/azulejosmatallana\/intermatex-acuerdo\/#breadcrumb","itemListElement":[{"@type":"ListItem","position":1,"name":"Portada","item":"https:\/\/www.grupodcc3000.com\/asociado\/azulejosmatallana\/"},{"@type":"ListItem","position":2,"name":"INTERMATEX: NUEVO ACUERDO INNOVADOR"}]},{"@type":"WebSite","@id":"https:\/\/www.grupodcc3000.com\/asociado\/azulejosmatallana\/#website","url":"https:\/\/www.grupodcc3000.com\/asociado\/azulejosmatallana\/","name":"Azulejos Matallana","description":"Otro sitio m\u00e1s de Asociados GrupoDCC3000","potentialAction":[{"@type":"SearchAction","target":{"@type":"EntryPoint","urlTemplate":"https:\/\/www.grupodcc3000.com\/asociado\/azulejosmatallana\/?s={search_term_string}"},"query-input":{"@type":"PropertyValueSpecification","valueRequired":true,"valueName":"search_term_string"}}],"inLanguage":"es"},{"@type":"Person","@id":"https:\/\/www.grupodcc3000.com\/asociado\/azulejosmatallana\/#\/schema\/person\/2b64f2e2bd240c328e3e8d0df54cd119","name":"asociados","image":{"@type":"ImageObject","inLanguage":"es","@id":"https:\/\/www.grupodcc3000.com\/asociado\/azulejosmatallana\/#\/schema\/person\/image\/","url":"https:\/\/secure.gravatar.com\/avatar\/6b41fd62627be1e31dd70c283f3c5188b54fd100fda2f47adaaedb335e881254?s=96&d=mm&r=g","contentUrl":"https:\/\/secure.gravatar.com\/avatar\/6b41fd62627be1e31dd70c283f3c5188b54fd100fda2f47adaaedb335e881254?s=96&d=mm&r=g","caption":"asociados"},"url":"https:\/\/www.grupodcc3000.com\/asociado\/azulejosmatallana\/author\/asociados\/"}]}},"_links":{"self":[{"href":"https:\/\/www.grupodcc3000.com\/asociado\/azulejosmatallana\/wp-json\/wp\/v2\/posts\/2485","targetHints":{"allow":["GET"]}}],"collection":[{"href":"https:\/\/www.grupodcc3000.com\/asociado\/azulejosmatallana\/wp-json\/wp\/v2\/posts"}],"about":[{"href":"https:\/\/www.grupodcc3000.com\/asociado\/azulejosmatallana\/wp-json\/wp\/v2\/types\/post"}],"author":[{"embeddable":true,"href":"https:\/\/www.grupodcc3000.com\/asociado\/azulejosmatallana\/wp-json\/wp\/v2\/users\/4"}],"replies":[{"embeddable":true,"href":"https:\/\/www.grupodcc3000.com\/asociado\/azulejosmatallana\/wp-json\/wp\/v2\/comments?post=2485"}],"version-history":[{"count":1,"href":"https:\/\/www.grupodcc3000.com\/asociado\/azulejosmatallana\/wp-json\/wp\/v2\/posts\/2485\/revisions"}],"predecessor-version":[{"id":2502,"href":"https:\/\/www.grupodcc3000.com\/asociado\/azulejosmatallana\/wp-json\/wp\/v2\/posts\/2485\/revisions\/2502"}],"wp:featuredmedia":[{"embeddable":true,"href":"https:\/\/www.grupodcc3000.com\/asociado\/azulejosmatallana\/wp-json\/wp\/v2\/media\/2459"}],"wp:attachment":[{"href":"https:\/\/www.grupodcc3000.com\/asociado\/azulejosmatallana\/wp-json\/wp\/v2\/media?parent=2485"}],"wp:term":[{"taxonomy":"category","embeddable":true,"href":"https:\/\/www.grupodcc3000.com\/asociado\/azulejosmatallana\/wp-json\/wp\/v2\/categories?post=2485"},{"taxonomy":"post_tag","embeddable":true,"href":"https:\/\/www.grupodcc3000.com\/asociado\/azulejosmatallana\/wp-json\/wp\/v2\/tags?post=2485"}],"curies":[{"name":"wp","href":"https:\/\/api.w.org\/{rel}","templated":true}]}}