{"id":1354,"date":"2019-06-17T10:35:38","date_gmt":"2019-06-17T10:35:38","guid":{"rendered":"http:\/\/grupodcc3000.com\/asociado\/?p=1354"},"modified":"2019-06-17T10:35:38","modified_gmt":"2019-06-17T10:35:38","slug":"nuevo-catalogo-azulev-2","status":"publish","type":"post","link":"https:\/\/www.grupodcc3000.com\/asociado\/azulejosvelasco\/nuevo-catalogo-azulev-2\/","title":{"rendered":"Nuevo Cat\u00e1logo Azulev"},"content":{"rendered":"\n<p>  Estamos muy contentos de presentarte el nuevo cat\u00e1logo de nuestra marca   Azulev. El nuevo cat\u00e1logo de Azulev, que  incluye las \u00faltimas   colecciones de la marca, destaca por su est\u00e9tica moderna en l\u00ednea con   las \u00faltimas tendencias de decoraci\u00f3n. ????????<br> ????Visita la web para descargarte el nuevo cat\u00e1logo de Azulev: <a rel=\"noreferrer noopener\" href=\"https:\/\/azulevgrupo.com\/?fbclid=IwAR2XR6PfmWHrbz7acbnoomg2bKYPWxprjl1Vbf_wKJDgfXUhbzRtxyENHps\" target=\"_blank\">https:\/\/azulevgrupo.com<\/a>  ????  <\/p>\n\n\n\n<figure class=\"wp-block-image\"><img loading=\"lazy\" decoding=\"async\" width=\"1920\" height=\"1080\" src=\"https:\/\/i2.wp.com\/grupodcc3000.com\/asociado\/wp-content\/uploads\/2019\/06\/60523416_2264901420262401_7191517730325921792_o1-1.jpg?fit=1024%2C576\" alt=\"\" class=\"wp-image-1355\" srcset=\"https:\/\/www.grupodcc3000.com\/asociado\/azulejosvelasco\/wp-content\/uploads\/sites\/74\/2019\/06\/60523416_2264901420262401_7191517730325921792_o1-1.jpg 1920w, https:\/\/www.grupodcc3000.com\/asociado\/azulejosvelasco\/wp-content\/uploads\/sites\/74\/2019\/06\/60523416_2264901420262401_7191517730325921792_o1-1-300x169.jpg 300w, https:\/\/www.grupodcc3000.com\/asociado\/azulejosvelasco\/wp-content\/uploads\/sites\/74\/2019\/06\/60523416_2264901420262401_7191517730325921792_o1-1-768x432.jpg 768w, https:\/\/www.grupodcc3000.com\/asociado\/azulejosvelasco\/wp-content\/uploads\/sites\/74\/2019\/06\/60523416_2264901420262401_7191517730325921792_o1-1-1024x576.jpg 1024w, https:\/\/www.grupodcc3000.com\/asociado\/azulejosvelasco\/wp-content\/uploads\/sites\/74\/2019\/06\/60523416_2264901420262401_7191517730325921792_o1-1-1080x608.jpg 1080w\" sizes=\"(max-width: 1920px) 100vw, 1920px\" \/><\/figure>\n","protected":false},"excerpt":{"rendered":"<p> Estamos muy contentos de presentarte el nuevo cat\u00e1logo de nuestra marca Azulev. El nuevo cat\u00e1logo de Azulev, que incluye las \u00faltimas colecciones de la marca, destaca por su est\u00e9tica moderna en l\u00ednea con las \u00faltimas tendencias de decoraci\u00f3n. ????????<br \/>\n????Visita la web para descargarte el nuevo cat\u00e1logo de Azulev: https:\/\/azulevgrupo.com ???? <\/p>\n","protected":false},"author":4,"featured_media":1356,"comment_status":"open","ping_status":"open","sticky":false,"template":"","format":"standard","meta":{"_et_pb_use_builder":"off","_et_pb_old_content":"","_et_gb_content_width":"","footnotes":""},"categories":[1],"tags":[],"class_list":["post-1354","post","type-post","status-publish","format-standard","has-post-thumbnail","hentry","category-sin-categoria"],"yoast_head":"<!-- This site is optimized with the Yoast SEO plugin v27.1.1 - https:\/\/yoast.com\/product\/yoast-seo-wordpress\/ -->\n<title>Nuevo Cat\u00e1logo Azulev - Ba\u00f1os Velasco<\/title>\n<meta name=\"robots\" content=\"index, follow, max-snippet:-1, max-image-preview:large, max-video-preview:-1\" \/>\n<link rel=\"canonical\" href=\"https:\/\/www.grupodcc3000.com\/asociado\/azulejosvelasco\/nuevo-catalogo-azulev-2\/\" \/>\n<meta property=\"og:locale\" content=\"es_ES\" \/>\n<meta property=\"og:type\" content=\"article\" \/>\n<meta property=\"og:title\" content=\"Nuevo Cat\u00e1logo Azulev - Ba\u00f1os Velasco\" \/>\n<meta property=\"og:description\" content=\"Estamos muy contentos de presentarte el nuevo cat\u00e1logo de nuestra marca Azulev. El nuevo cat\u00e1logo de Azulev, que incluye las \u00faltimas colecciones de la marca, destaca por su est\u00e9tica moderna en l\u00ednea con las \u00faltimas tendencias de decoraci\u00f3n. ???????? ????Visita la web para descargarte el nuevo cat\u00e1logo de Azulev: https:\/\/azulevgrupo.com ????\" \/>\n<meta property=\"og:url\" content=\"https:\/\/www.grupodcc3000.com\/asociado\/azulejosvelasco\/nuevo-catalogo-azulev-2\/\" \/>\n<meta property=\"og:site_name\" content=\"Ba\u00f1os Velasco\" \/>\n<meta property=\"article:published_time\" content=\"2019-06-17T10:35:38+00:00\" \/>\n<meta property=\"og:image\" content=\"https:\/\/www.grupodcc3000.com\/asociado\/azulejosvelasco\/wp-content\/uploads\/sites\/74\/2019\/06\/60523416_2264901420262401_7191517730325921792_o1-2.jpg\" \/>\n\t<meta property=\"og:image:width\" content=\"1920\" \/>\n\t<meta property=\"og:image:height\" content=\"1080\" \/>\n\t<meta property=\"og:image:type\" content=\"image\/jpeg\" \/>\n<meta name=\"author\" content=\"asociados\" \/>\n<meta name=\"twitter:card\" content=\"summary_large_image\" \/>\n<meta name=\"twitter:label1\" content=\"Escrito por\" \/>\n\t<meta name=\"twitter:data1\" content=\"asociados\" \/>\n<script type=\"application\/ld+json\" class=\"yoast-schema-graph\">{\"@context\":\"https:\/\/schema.org\",\"@graph\":[{\"@type\":\"Article\",\"@id\":\"https:\/\/www.grupodcc3000.com\/asociado\/azulejosvelasco\/nuevo-catalogo-azulev-2\/#article\",\"isPartOf\":{\"@id\":\"https:\/\/www.grupodcc3000.com\/asociado\/azulejosvelasco\/nuevo-catalogo-azulev-2\/\"},\"author\":{\"name\":\"asociados\",\"@id\":\"https:\/\/www.grupodcc3000.com\/asociado\/azulejosvelasco\/#\/schema\/person\/2b64f2e2bd240c328e3e8d0df54cd119\"},\"headline\":\"Nuevo Cat\u00e1logo Azulev\",\"datePublished\":\"2019-06-17T10:35:38+00:00\",\"mainEntityOfPage\":{\"@id\":\"https:\/\/www.grupodcc3000.com\/asociado\/azulejosvelasco\/nuevo-catalogo-azulev-2\/\"},\"wordCount\":61,\"commentCount\":0,\"image\":{\"@id\":\"https:\/\/www.grupodcc3000.com\/asociado\/azulejosvelasco\/nuevo-catalogo-azulev-2\/#primaryimage\"},\"thumbnailUrl\":\"https:\/\/www.grupodcc3000.com\/asociado\/azulejosvelasco\/wp-content\/uploads\/sites\/74\/2019\/06\/60523416_2264901420262401_7191517730325921792_o1-2.jpg\",\"inLanguage\":\"es\",\"potentialAction\":[{\"@type\":\"CommentAction\",\"name\":\"Comment\",\"target\":[\"https:\/\/www.grupodcc3000.com\/asociado\/azulejosvelasco\/nuevo-catalogo-azulev-2\/#respond\"]}]},{\"@type\":\"WebPage\",\"@id\":\"https:\/\/www.grupodcc3000.com\/asociado\/azulejosvelasco\/nuevo-catalogo-azulev-2\/\",\"url\":\"https:\/\/www.grupodcc3000.com\/asociado\/azulejosvelasco\/nuevo-catalogo-azulev-2\/\",\"name\":\"Nuevo Cat\u00e1logo Azulev - Ba\u00f1os Velasco\",\"isPartOf\":{\"@id\":\"https:\/\/www.grupodcc3000.com\/asociado\/azulejosvelasco\/#website\"},\"primaryImageOfPage\":{\"@id\":\"https:\/\/www.grupodcc3000.com\/asociado\/azulejosvelasco\/nuevo-catalogo-azulev-2\/#primaryimage\"},\"image\":{\"@id\":\"https:\/\/www.grupodcc3000.com\/asociado\/azulejosvelasco\/nuevo-catalogo-azulev-2\/#primaryimage\"},\"thumbnailUrl\":\"https:\/\/www.grupodcc3000.com\/asociado\/azulejosvelasco\/wp-content\/uploads\/sites\/74\/2019\/06\/60523416_2264901420262401_7191517730325921792_o1-2.jpg\",\"datePublished\":\"2019-06-17T10:35:38+00:00\",\"author\":{\"@id\":\"https:\/\/www.grupodcc3000.com\/asociado\/azulejosvelasco\/#\/schema\/person\/2b64f2e2bd240c328e3e8d0df54cd119\"},\"breadcrumb\":{\"@id\":\"https:\/\/www.grupodcc3000.com\/asociado\/azulejosvelasco\/nuevo-catalogo-azulev-2\/#breadcrumb\"},\"inLanguage\":\"es\",\"potentialAction\":[{\"@type\":\"ReadAction\",\"target\":[\"https:\/\/www.grupodcc3000.com\/asociado\/azulejosvelasco\/nuevo-catalogo-azulev-2\/\"]}]},{\"@type\":\"ImageObject\",\"inLanguage\":\"es\",\"@id\":\"https:\/\/www.grupodcc3000.com\/asociado\/azulejosvelasco\/nuevo-catalogo-azulev-2\/#primaryimage\",\"url\":\"https:\/\/www.grupodcc3000.com\/asociado\/azulejosvelasco\/wp-content\/uploads\/sites\/74\/2019\/06\/60523416_2264901420262401_7191517730325921792_o1-2.jpg\",\"contentUrl\":\"https:\/\/www.grupodcc3000.com\/asociado\/azulejosvelasco\/wp-content\/uploads\/sites\/74\/2019\/06\/60523416_2264901420262401_7191517730325921792_o1-2.jpg\",\"width\":1920,\"height\":1080},{\"@type\":\"BreadcrumbList\",\"@id\":\"https:\/\/www.grupodcc3000.com\/asociado\/azulejosvelasco\/nuevo-catalogo-azulev-2\/#breadcrumb\",\"itemListElement\":[{\"@type\":\"ListItem\",\"position\":1,\"name\":\"Portada\",\"item\":\"https:\/\/www.grupodcc3000.com\/asociado\/azulejosvelasco\/\"},{\"@type\":\"ListItem\",\"position\":2,\"name\":\"Nuevo Cat\u00e1logo Azulev\"}]},{\"@type\":\"WebSite\",\"@id\":\"https:\/\/www.grupodcc3000.com\/asociado\/azulejosvelasco\/#website\",\"url\":\"https:\/\/www.grupodcc3000.com\/asociado\/azulejosvelasco\/\",\"name\":\"Ba\u00f1os Velasco\",\"description\":\"Otro sitio m\u00e1s de Asociados GrupoDCC3000\",\"potentialAction\":[{\"@type\":\"SearchAction\",\"target\":{\"@type\":\"EntryPoint\",\"urlTemplate\":\"https:\/\/www.grupodcc3000.com\/asociado\/azulejosvelasco\/?s={search_term_string}\"},\"query-input\":{\"@type\":\"PropertyValueSpecification\",\"valueRequired\":true,\"valueName\":\"search_term_string\"}}],\"inLanguage\":\"es\"},{\"@type\":\"Person\",\"@id\":\"https:\/\/www.grupodcc3000.com\/asociado\/azulejosvelasco\/#\/schema\/person\/2b64f2e2bd240c328e3e8d0df54cd119\",\"name\":\"asociados\",\"image\":{\"@type\":\"ImageObject\",\"inLanguage\":\"es\",\"@id\":\"https:\/\/www.grupodcc3000.com\/asociado\/azulejosvelasco\/#\/schema\/person\/image\/\",\"url\":\"https:\/\/secure.gravatar.com\/avatar\/6b41fd62627be1e31dd70c283f3c5188b54fd100fda2f47adaaedb335e881254?s=96&d=mm&r=g\",\"contentUrl\":\"https:\/\/secure.gravatar.com\/avatar\/6b41fd62627be1e31dd70c283f3c5188b54fd100fda2f47adaaedb335e881254?s=96&d=mm&r=g\",\"caption\":\"asociados\"},\"url\":\"https:\/\/www.grupodcc3000.com\/asociado\/azulejosvelasco\/author\/asociados\/\"}]}<\/script>\n<!-- \/ Yoast SEO plugin. -->","yoast_head_json":{"title":"Nuevo Cat\u00e1logo Azulev - Ba\u00f1os Velasco","robots":{"index":"index","follow":"follow","max-snippet":"max-snippet:-1","max-image-preview":"max-image-preview:large","max-video-preview":"max-video-preview:-1"},"canonical":"https:\/\/www.grupodcc3000.com\/asociado\/azulejosvelasco\/nuevo-catalogo-azulev-2\/","og_locale":"es_ES","og_type":"article","og_title":"Nuevo Cat\u00e1logo Azulev - Ba\u00f1os Velasco","og_description":"Estamos muy contentos de presentarte el nuevo cat\u00e1logo de nuestra marca Azulev. El nuevo cat\u00e1logo de Azulev, que incluye las \u00faltimas colecciones de la marca, destaca por su est\u00e9tica moderna en l\u00ednea con las \u00faltimas tendencias de decoraci\u00f3n. ???????? ????Visita la web para descargarte el nuevo cat\u00e1logo de Azulev: https:\/\/azulevgrupo.com ????","og_url":"https:\/\/www.grupodcc3000.com\/asociado\/azulejosvelasco\/nuevo-catalogo-azulev-2\/","og_site_name":"Ba\u00f1os Velasco","article_published_time":"2019-06-17T10:35:38+00:00","og_image":[{"width":1920,"height":1080,"url":"https:\/\/www.grupodcc3000.com\/asociado\/azulejosvelasco\/wp-content\/uploads\/sites\/74\/2019\/06\/60523416_2264901420262401_7191517730325921792_o1-2.jpg","type":"image\/jpeg"}],"author":"asociados","twitter_card":"summary_large_image","twitter_misc":{"Escrito por":"asociados"},"schema":{"@context":"https:\/\/schema.org","@graph":[{"@type":"Article","@id":"https:\/\/www.grupodcc3000.com\/asociado\/azulejosvelasco\/nuevo-catalogo-azulev-2\/#article","isPartOf":{"@id":"https:\/\/www.grupodcc3000.com\/asociado\/azulejosvelasco\/nuevo-catalogo-azulev-2\/"},"author":{"name":"asociados","@id":"https:\/\/www.grupodcc3000.com\/asociado\/azulejosvelasco\/#\/schema\/person\/2b64f2e2bd240c328e3e8d0df54cd119"},"headline":"Nuevo Cat\u00e1logo Azulev","datePublished":"2019-06-17T10:35:38+00:00","mainEntityOfPage":{"@id":"https:\/\/www.grupodcc3000.com\/asociado\/azulejosvelasco\/nuevo-catalogo-azulev-2\/"},"wordCount":61,"commentCount":0,"image":{"@id":"https:\/\/www.grupodcc3000.com\/asociado\/azulejosvelasco\/nuevo-catalogo-azulev-2\/#primaryimage"},"thumbnailUrl":"https:\/\/www.grupodcc3000.com\/asociado\/azulejosvelasco\/wp-content\/uploads\/sites\/74\/2019\/06\/60523416_2264901420262401_7191517730325921792_o1-2.jpg","inLanguage":"es","potentialAction":[{"@type":"CommentAction","name":"Comment","target":["https:\/\/www.grupodcc3000.com\/asociado\/azulejosvelasco\/nuevo-catalogo-azulev-2\/#respond"]}]},{"@type":"WebPage","@id":"https:\/\/www.grupodcc3000.com\/asociado\/azulejosvelasco\/nuevo-catalogo-azulev-2\/","url":"https:\/\/www.grupodcc3000.com\/asociado\/azulejosvelasco\/nuevo-catalogo-azulev-2\/","name":"Nuevo Cat\u00e1logo Azulev - Ba\u00f1os Velasco","isPartOf":{"@id":"https:\/\/www.grupodcc3000.com\/asociado\/azulejosvelasco\/#website"},"primaryImageOfPage":{"@id":"https:\/\/www.grupodcc3000.com\/asociado\/azulejosvelasco\/nuevo-catalogo-azulev-2\/#primaryimage"},"image":{"@id":"https:\/\/www.grupodcc3000.com\/asociado\/azulejosvelasco\/nuevo-catalogo-azulev-2\/#primaryimage"},"thumbnailUrl":"https:\/\/www.grupodcc3000.com\/asociado\/azulejosvelasco\/wp-content\/uploads\/sites\/74\/2019\/06\/60523416_2264901420262401_7191517730325921792_o1-2.jpg","datePublished":"2019-06-17T10:35:38+00:00","author":{"@id":"https:\/\/www.grupodcc3000.com\/asociado\/azulejosvelasco\/#\/schema\/person\/2b64f2e2bd240c328e3e8d0df54cd119"},"breadcrumb":{"@id":"https:\/\/www.grupodcc3000.com\/asociado\/azulejosvelasco\/nuevo-catalogo-azulev-2\/#breadcrumb"},"inLanguage":"es","potentialAction":[{"@type":"ReadAction","target":["https:\/\/www.grupodcc3000.com\/asociado\/azulejosvelasco\/nuevo-catalogo-azulev-2\/"]}]},{"@type":"ImageObject","inLanguage":"es","@id":"https:\/\/www.grupodcc3000.com\/asociado\/azulejosvelasco\/nuevo-catalogo-azulev-2\/#primaryimage","url":"https:\/\/www.grupodcc3000.com\/asociado\/azulejosvelasco\/wp-content\/uploads\/sites\/74\/2019\/06\/60523416_2264901420262401_7191517730325921792_o1-2.jpg","contentUrl":"https:\/\/www.grupodcc3000.com\/asociado\/azulejosvelasco\/wp-content\/uploads\/sites\/74\/2019\/06\/60523416_2264901420262401_7191517730325921792_o1-2.jpg","width":1920,"height":1080},{"@type":"BreadcrumbList","@id":"https:\/\/www.grupodcc3000.com\/asociado\/azulejosvelasco\/nuevo-catalogo-azulev-2\/#breadcrumb","itemListElement":[{"@type":"ListItem","position":1,"name":"Portada","item":"https:\/\/www.grupodcc3000.com\/asociado\/azulejosvelasco\/"},{"@type":"ListItem","position":2,"name":"Nuevo Cat\u00e1logo Azulev"}]},{"@type":"WebSite","@id":"https:\/\/www.grupodcc3000.com\/asociado\/azulejosvelasco\/#website","url":"https:\/\/www.grupodcc3000.com\/asociado\/azulejosvelasco\/","name":"Ba\u00f1os Velasco","description":"Otro sitio m\u00e1s de Asociados GrupoDCC3000","potentialAction":[{"@type":"SearchAction","target":{"@type":"EntryPoint","urlTemplate":"https:\/\/www.grupodcc3000.com\/asociado\/azulejosvelasco\/?s={search_term_string}"},"query-input":{"@type":"PropertyValueSpecification","valueRequired":true,"valueName":"search_term_string"}}],"inLanguage":"es"},{"@type":"Person","@id":"https:\/\/www.grupodcc3000.com\/asociado\/azulejosvelasco\/#\/schema\/person\/2b64f2e2bd240c328e3e8d0df54cd119","name":"asociados","image":{"@type":"ImageObject","inLanguage":"es","@id":"https:\/\/www.grupodcc3000.com\/asociado\/azulejosvelasco\/#\/schema\/person\/image\/","url":"https:\/\/secure.gravatar.com\/avatar\/6b41fd62627be1e31dd70c283f3c5188b54fd100fda2f47adaaedb335e881254?s=96&d=mm&r=g","contentUrl":"https:\/\/secure.gravatar.com\/avatar\/6b41fd62627be1e31dd70c283f3c5188b54fd100fda2f47adaaedb335e881254?s=96&d=mm&r=g","caption":"asociados"},"url":"https:\/\/www.grupodcc3000.com\/asociado\/azulejosvelasco\/author\/asociados\/"}]}},"_links":{"self":[{"href":"https:\/\/www.grupodcc3000.com\/asociado\/azulejosvelasco\/wp-json\/wp\/v2\/posts\/1354","targetHints":{"allow":["GET"]}}],"collection":[{"href":"https:\/\/www.grupodcc3000.com\/asociado\/azulejosvelasco\/wp-json\/wp\/v2\/posts"}],"about":[{"href":"https:\/\/www.grupodcc3000.com\/asociado\/azulejosvelasco\/wp-json\/wp\/v2\/types\/post"}],"author":[{"embeddable":true,"href":"https:\/\/www.grupodcc3000.com\/asociado\/azulejosvelasco\/wp-json\/wp\/v2\/users\/4"}],"replies":[{"embeddable":true,"href":"https:\/\/www.grupodcc3000.com\/asociado\/azulejosvelasco\/wp-json\/wp\/v2\/comments?post=1354"}],"version-history":[{"count":0,"href":"https:\/\/www.grupodcc3000.com\/asociado\/azulejosvelasco\/wp-json\/wp\/v2\/posts\/1354\/revisions"}],"wp:featuredmedia":[{"embeddable":true,"href":"https:\/\/www.grupodcc3000.com\/asociado\/azulejosvelasco\/wp-json\/wp\/v2\/media\/1356"}],"wp:attachment":[{"href":"https:\/\/www.grupodcc3000.com\/asociado\/azulejosvelasco\/wp-json\/wp\/v2\/media?parent=1354"}],"wp:term":[{"taxonomy":"category","embeddable":true,"href":"https:\/\/www.grupodcc3000.com\/asociado\/azulejosvelasco\/wp-json\/wp\/v2\/categories?post=1354"},{"taxonomy":"post_tag","embeddable":true,"href":"https:\/\/www.grupodcc3000.com\/asociado\/azulejosvelasco\/wp-json\/wp\/v2\/tags?post=1354"}],"curies":[{"name":"wp","href":"https:\/\/api.w.org\/{rel}","templated":true}]}}