{"id":3184,"date":"2021-07-08T09:04:32","date_gmt":"2021-07-08T09:04:32","guid":{"rendered":"https:\/\/www.grupodcc3000.com\/asociado\/excavacionescampillos\/2021\/07\/08\/tendencias-en-decoracion-para-el-verano-2021\/"},"modified":"2021-07-08T09:25:36","modified_gmt":"2021-07-08T09:25:36","slug":"tendencias-en-decoracion-para-el-verano-2021","status":"publish","type":"post","link":"https:\/\/www.grupodcc3000.com\/asociado\/excavacionescampillos\/2021\/07\/08\/tendencias-en-decoracion-para-el-verano-2021\/","title":{"rendered":"TENDENCIAS EN DECORACI\u00d3N PARA EL VERANO 2021"},"content":{"rendered":"\n<p>Superamos el verano de 2020 con una sensaci\u00f3n extra\u00f1a. Todo ello, debido a la grave crisis sanitaria. A pesar de las cifras de vacunaci\u00f3n, no podemos bajar los brazos. No obstante, este verano parece que trae consigo nuevas energ\u00edas y formas de disfrutar.<strong> \u00bfEst\u00e1s pensando en darle un cambio a tu espacio? <\/strong>Te traemos algunas tendencias en decoraci\u00f3n que van a hacer de tu hogar un lugar con estilo y adaptado a la moda del momento. <\/p>\n\n\n\n<p><\/p>\n\n\n\n<h2 class=\"wp-block-heading\"><strong>TEXTURAS NATURALES <\/strong><\/h2>\n\n\n\n<p>El algod\u00f3n, el lino o la lana son perfectos candidatos para este fin. Para que tengan un toque mucho m\u00e1s natural es mejor escoger textiles en tonos lisos y sencillos, como el blanco, el crudo o el gris. &nbsp;Adem\u00e1s, la mezcla de la madera clara y de los textiles blancos est\u00e1 muy de moda ahora mismo y resulta muy natural, imitando al bonito estilo escandinavo, que siempre busca la sencillez en los espacios.<\/p>\n\n\n\n<figure class=\"wp-block-image size-large is-resized\"><img loading=\"lazy\" decoding=\"async\" src=\"https:\/\/www.grupodcc3000.com\/asociado\/wp-content\/uploads\/2021\/07\/cup-of-tea-limes-and-cinnamon-in-linen-placemat-1024x683.jpg\" alt=\"\" class=\"wp-image-3910\" width=\"730\" height=\"487\"\/><\/figure>\n\n\n\n<p><\/p>\n\n\n\n<h2 class=\"wp-block-heading\">EL RECHAZO AL BLANCO<\/h2>\n\n\n\n<p>A pesar de la creencia de que los espacios que descartan el blanco tienen una menor sensaci\u00f3n de amplitud, no tiene por qu\u00e9 ser as\u00ed. De hecho, los colores <a href=\"https:\/\/www.pantone.com\/eu\/es\/?gclid=CjwKCAjw_o-HBhAsEiwANqYhp56Hi7xMEQdCwqYhhoPVxyJPA2OQRClwmtxv-zTuC5oa7YP2v_GemRoCbCUQAvD_BwE\" target=\"_blank\" rel=\"noreferrer noopener\">Pantone<\/a> de este 2021 son la combinaci\u00f3n del gris y el amarillo. De esta manera, dejamos atr\u00e1s la sobriedad de este color para apostar por paletas coloridas que le den a nuestro hogar un toque de alegr\u00eda. Tras el confinamiento, este tip ha cobrado a\u00fan m\u00e1s relevancia. <\/p>\n\n\n\n<figure class=\"wp-block-image size-large is-resized\"><img loading=\"lazy\" decoding=\"async\" src=\"https:\/\/www.grupodcc3000.com\/asociado\/wp-content\/uploads\/2021\/07\/modern-living-room-interior-with-sofa-and-green-plants-lamp-table-on-dark-wall-background-1024x614.jpg\" alt=\"\" class=\"wp-image-3911\" width=\"731\" height=\"438\"\/><\/figure>\n\n\n\n<p><\/p>\n\n\n\n<h2 class=\"wp-block-heading\">\u00bfSELVA O CASA?<\/h2>\n\n\n\n<p>El reinado de las plantas ha llegado para quedarse. No solo por su componente decorativo, si no por su componente emocional. Se trata de seres vivos que desprenden energ\u00eda. Cuanto m\u00e1s sanas est\u00e9n nuestras plantas, mejor y m\u00e1s cuidado estar\u00e1 nuestro espacio. Adem\u00e1s, nos ayudar\u00e1 a huir del blanco. Sin duda, despu\u00e9s de un 2020 algo apagado son la soluci\u00f3n perfecta para que tu casa rebose vida. <\/p>\n\n\n\n<figure class=\"wp-block-image size-large is-resized\"><img loading=\"lazy\" decoding=\"async\" src=\"https:\/\/www.grupodcc3000.com\/asociado\/wp-content\/uploads\/2021\/07\/lovely-woman-in-linen-dress-and-straw-hat-posing-in-boho-style-apartment-1024x683.jpg\" alt=\"\" class=\"wp-image-3912\" width=\"731\" height=\"488\"\/><\/figure>\n\n\n\n<p><\/p>\n","protected":false},"excerpt":{"rendered":"<p>\u00bf\ud835\uddd8\ud835\ude00\ud835\ude01\ud835\uddee\u0301\ud835\ude00 \ud835\uddfd\ud835\uddf2\ud835\uddfb\ud835\ude00\ud835\uddee\ud835\uddfb\ud835\uddf1\ud835\uddfc \ud835\uddf2\ud835\uddfb \ud835\uddf1\ud835\uddee\ud835\uddff\ud835\uddf9\ud835\uddf2 \ud835\ude02\ud835\uddfb \ud835\uddf0\ud835\uddee\ud835\uddfa\ud835\uddef\ud835\uddf6\ud835\uddfc \ud835\uddee \ud835\ude01\ud835\ude02 \ud835\uddf2\ud835\ude00\ud835\uddfd\ud835\uddee\ud835\uddf0\ud835\uddf6\ud835\uddfc? Te traemos algunas tendencias en decoraci\u00f3n que van a hacer de tu hogar un lugar con estilo y adaptado a la moda del momento.<br \/>\nHAZ CLICK en la fotograf\u00eda para saber m\u00e1s.<\/p>\n","protected":false},"author":4,"featured_media":0,"comment_status":"open","ping_status":"open","sticky":false,"template":"","format":"standard","meta":{"_et_pb_use_builder":"","_et_pb_old_content":"","_et_gb_content_width":"","footnotes":""},"categories":[1],"tags":[],"class_list":["post-3184","post","type-post","status-publish","format-standard","hentry","category-sin-categoria"],"_links":{"self":[{"href":"https:\/\/www.grupodcc3000.com\/asociado\/excavacionescampillos\/wp-json\/wp\/v2\/posts\/3184","targetHints":{"allow":["GET"]}}],"collection":[{"href":"https:\/\/www.grupodcc3000.com\/asociado\/excavacionescampillos\/wp-json\/wp\/v2\/posts"}],"about":[{"href":"https:\/\/www.grupodcc3000.com\/asociado\/excavacionescampillos\/wp-json\/wp\/v2\/types\/post"}],"author":[{"embeddable":true,"href":"https:\/\/www.grupodcc3000.com\/asociado\/excavacionescampillos\/wp-json\/wp\/v2\/users\/4"}],"replies":[{"embeddable":true,"href":"https:\/\/www.grupodcc3000.com\/asociado\/excavacionescampillos\/wp-json\/wp\/v2\/comments?post=3184"}],"version-history":[{"count":0,"href":"https:\/\/www.grupodcc3000.com\/asociado\/excavacionescampillos\/wp-json\/wp\/v2\/posts\/3184\/revisions"}],"wp:attachment":[{"href":"https:\/\/www.grupodcc3000.com\/asociado\/excavacionescampillos\/wp-json\/wp\/v2\/media?parent=3184"}],"wp:term":[{"taxonomy":"category","embeddable":true,"href":"https:\/\/www.grupodcc3000.com\/asociado\/excavacionescampillos\/wp-json\/wp\/v2\/categories?post=3184"},{"taxonomy":"post_tag","embeddable":true,"href":"https:\/\/www.grupodcc3000.com\/asociado\/excavacionescampillos\/wp-json\/wp\/v2\/tags?post=3184"}],"curies":[{"name":"wp","href":"https:\/\/api.w.org\/{rel}","templated":true}]}}