{"id":1929,"date":"2020-12-15T18:42:14","date_gmt":"2020-12-15T17:42:14","guid":{"rendered":"https:\/\/www.grupodcc3000.com\/asociado\/josemari\/cocina-vertix-perla\/"},"modified":"2020-12-15T21:15:36","modified_gmt":"2020-12-15T20:15:36","slug":"cocina-vertix-perla","status":"publish","type":"post","link":"https:\/\/www.grupodcc3000.com\/asociado\/josemari\/cocina-vertix-perla\/","title":{"rendered":"Cocina Vertix Perla y Piemonte Blanco"},"content":{"rendered":"\n<p>Contamos con la \u00faltima tecnolog\u00eda de dise\u00f1o de ambientes 3D. Gracias a Tilelook podr\u00e1s conocer espacios recreados en 3D para comprobar antes de hacer obra como quedar\u00eda su ambiente. En el art\u00edculo de hoy, os mostramos esta fascinante cocina Vertix Perla y Piemonte Blanco. Un dise\u00f1o ideal para cocinas con espacio limitado. S\u00e1cale el m\u00e1ximo partido con una decoraci\u00f3n elegante y funcional. Haz click en el visor y disfruta de tu experiencia 3D. Si quieres conocer m\u00e1s proyectos y espacios, contamos con una <a rel=\"noreferrer noopener\" href=\"https:\/\/www.tilelook.com\/es-ES\/users\/grupo-dcc3000\" target=\"_blank\">p\u00e1gina donde podr\u00e1s encontrar salones, ba\u00f1os y cocinas<\/a> recreadas a trav\u00e9s de este sistema para que disfrutes de una exposici\u00f3n sin salir de casa.<a href=\"\"><\/a><\/p>\n\n\n<p><script>function isIOS(){return\/iPad|iPhone|iPod\/.test(navigator.userAgent)&&!window.MSStream}function cloneDeviceOrientationEvent(e){return{alpha:e.alpha,beta:e.beta,gamma:e.gamma}}function postOrientationEventMessage(e){vrs=document.getElementsByName(\"TilelookVR\");for(var n=0;n<vrs.length;n++)vrs[n].contentWindow.postMessage({type:\"deviceorientation\",deviceOrientationEvent:e},\"*\")}isIOS()&#038;&#038;window.addEventListener(\"deviceorientation\",function(e){postOrientationEventMessage(cloneDeviceOrientationEvent(e))});<\/script><\/p>\n<p><iframe style=\"min-height: 470px; min-width: 470px; width: 100%; height: 100%;\" src=\"https:\/\/www.tilelook.com\/es-ES\/users\/grupo-dcc3000\/projects\/cocina-vertix-perla-y-piemonte-blanco-20-ene-2020\/camerarender\/11497990\" name=\"TilelookVR\" frameborder=\"0\"><\/iframe><\/p>\n\n\n<p>Si te ha gustado esta cocina Vertix Perla comp\u00e1rtela con tus amigos en redes sociales para que descubran la comodidad de conocer diferentes ambientes sin necesidad de salir de casa. Descubre los<a href=\"https:\/\/www.grupodcc3000.com\/asociados\/\" target=\"_blank\" rel=\"noreferrer noopener\"> asociados<\/a> de Grupo DCC 3000 y como muchos de ellos han optado por esta innovadora soluci\u00f3n. Dada la situaci\u00f3n provocada por la crisis sanitaria, esta herramienta supone un valioso recurso para hacer llegar a ambientes a cualquier lugar, sin fronteras, acabados de calidad. <\/p>\n","protected":false},"excerpt":{"rendered":"<p>Haz click en el visor y disfruta de tu experiencia.<br \/>\nDesde Grupo DCC 3000 contamos con la \u00faltima tecnolog\u00eda de dise\u00f1o de ambientes 3D. Gracias a Tilelook podr\u00e1s conocer espacios recreados en 3D para comprobar antes de hacer obra como quedar\u00eda su ambiente.<\/p>\n","protected":false},"author":4,"featured_media":0,"comment_status":"open","ping_status":"open","sticky":false,"template":"","format":"standard","meta":{"_et_pb_use_builder":"","_et_pb_old_content":"","_et_gb_content_width":"","footnotes":""},"categories":[1],"tags":[],"class_list":["post-1929","post","type-post","status-publish","format-standard","hentry","category-sin-categoria"],"yoast_head":"<!-- This site is optimized with the Yoast SEO plugin v27.1.1 - https:\/\/yoast.com\/product\/yoast-seo-wordpress\/ -->\n<title>Cocina Vertix Perla y Piemonte Blanco - Materiales de construcci\u00f3n Jos\u00e9 Mari SLL<\/title>\n<meta name=\"robots\" content=\"index, follow, max-snippet:-1, max-image-preview:large, max-video-preview:-1\" \/>\n<link rel=\"canonical\" href=\"https:\/\/www.grupodcc3000.com\/asociado\/josemari\/cocina-vertix-perla\/\" \/>\n<meta property=\"og:locale\" content=\"es_ES\" \/>\n<meta property=\"og:type\" content=\"article\" \/>\n<meta property=\"og:title\" content=\"Cocina Vertix Perla y Piemonte Blanco - Materiales de construcci\u00f3n Jos\u00e9 Mari SLL\" \/>\n<meta property=\"og:description\" content=\"Haz click en el visor y disfruta de tu experiencia. Desde Grupo DCC 3000 contamos con la \u00faltima tecnolog\u00eda de dise\u00f1o de ambientes 3D. Gracias a Tilelook podr\u00e1s conocer espacios recreados en 3D para comprobar antes de hacer obra como quedar\u00eda su ambiente.\" \/>\n<meta property=\"og:url\" content=\"https:\/\/www.grupodcc3000.com\/asociado\/josemari\/cocina-vertix-perla\/\" \/>\n<meta property=\"og:site_name\" content=\"Materiales de construcci\u00f3n Jos\u00e9 Mari SLL\" \/>\n<meta property=\"article:published_time\" content=\"2020-12-15T17:42:14+00:00\" \/>\n<meta property=\"article:modified_time\" content=\"2020-12-15T20:15:36+00:00\" \/>\n<meta name=\"author\" content=\"asociados\" \/>\n<meta name=\"twitter:card\" content=\"summary_large_image\" \/>\n<meta name=\"twitter:label1\" content=\"Escrito por\" \/>\n\t<meta name=\"twitter:data1\" content=\"asociados\" \/>\n\t<meta name=\"twitter:label2\" content=\"Tiempo de lectura\" \/>\n\t<meta name=\"twitter:data2\" content=\"1 minuto\" \/>\n<script type=\"application\/ld+json\" class=\"yoast-schema-graph\">{\"@context\":\"https:\/\/schema.org\",\"@graph\":[{\"@type\":\"Article\",\"@id\":\"https:\/\/www.grupodcc3000.com\/asociado\/josemari\/cocina-vertix-perla\/#article\",\"isPartOf\":{\"@id\":\"https:\/\/www.grupodcc3000.com\/asociado\/josemari\/cocina-vertix-perla\/\"},\"author\":{\"name\":\"asociados\",\"@id\":\"https:\/\/www.grupodcc3000.com\/asociado\/josemari\/#\/schema\/person\/2b64f2e2bd240c328e3e8d0df54cd119\"},\"headline\":\"Cocina Vertix Perla y Piemonte Blanco\",\"datePublished\":\"2020-12-15T17:42:14+00:00\",\"dateModified\":\"2020-12-15T20:15:36+00:00\",\"mainEntityOfPage\":{\"@id\":\"https:\/\/www.grupodcc3000.com\/asociado\/josemari\/cocina-vertix-perla\/\"},\"wordCount\":205,\"commentCount\":0,\"inLanguage\":\"es\",\"potentialAction\":[{\"@type\":\"CommentAction\",\"name\":\"Comment\",\"target\":[\"https:\/\/www.grupodcc3000.com\/asociado\/josemari\/cocina-vertix-perla\/#respond\"]}]},{\"@type\":\"WebPage\",\"@id\":\"https:\/\/www.grupodcc3000.com\/asociado\/josemari\/cocina-vertix-perla\/\",\"url\":\"https:\/\/www.grupodcc3000.com\/asociado\/josemari\/cocina-vertix-perla\/\",\"name\":\"Cocina Vertix Perla y Piemonte Blanco - Materiales de construcci\u00f3n Jos\u00e9 Mari SLL\",\"isPartOf\":{\"@id\":\"https:\/\/www.grupodcc3000.com\/asociado\/josemari\/#website\"},\"datePublished\":\"2020-12-15T17:42:14+00:00\",\"dateModified\":\"2020-12-15T20:15:36+00:00\",\"author\":{\"@id\":\"https:\/\/www.grupodcc3000.com\/asociado\/josemari\/#\/schema\/person\/2b64f2e2bd240c328e3e8d0df54cd119\"},\"breadcrumb\":{\"@id\":\"https:\/\/www.grupodcc3000.com\/asociado\/josemari\/cocina-vertix-perla\/#breadcrumb\"},\"inLanguage\":\"es\",\"potentialAction\":[{\"@type\":\"ReadAction\",\"target\":[\"https:\/\/www.grupodcc3000.com\/asociado\/josemari\/cocina-vertix-perla\/\"]}]},{\"@type\":\"BreadcrumbList\",\"@id\":\"https:\/\/www.grupodcc3000.com\/asociado\/josemari\/cocina-vertix-perla\/#breadcrumb\",\"itemListElement\":[{\"@type\":\"ListItem\",\"position\":1,\"name\":\"Portada\",\"item\":\"https:\/\/www.grupodcc3000.com\/asociado\/josemari\/\"},{\"@type\":\"ListItem\",\"position\":2,\"name\":\"Cocina Vertix Perla y Piemonte Blanco\"}]},{\"@type\":\"WebSite\",\"@id\":\"https:\/\/www.grupodcc3000.com\/asociado\/josemari\/#website\",\"url\":\"https:\/\/www.grupodcc3000.com\/asociado\/josemari\/\",\"name\":\"Materiales de construcci\u00f3n Jos\u00e9 Mari SLL\",\"description\":\"Otro sitio m\u00e1s de Asociados GrupoDCC3000\",\"potentialAction\":[{\"@type\":\"SearchAction\",\"target\":{\"@type\":\"EntryPoint\",\"urlTemplate\":\"https:\/\/www.grupodcc3000.com\/asociado\/josemari\/?s={search_term_string}\"},\"query-input\":{\"@type\":\"PropertyValueSpecification\",\"valueRequired\":true,\"valueName\":\"search_term_string\"}}],\"inLanguage\":\"es\"},{\"@type\":\"Person\",\"@id\":\"https:\/\/www.grupodcc3000.com\/asociado\/josemari\/#\/schema\/person\/2b64f2e2bd240c328e3e8d0df54cd119\",\"name\":\"asociados\",\"image\":{\"@type\":\"ImageObject\",\"inLanguage\":\"es\",\"@id\":\"https:\/\/www.grupodcc3000.com\/asociado\/josemari\/#\/schema\/person\/image\/\",\"url\":\"https:\/\/secure.gravatar.com\/avatar\/6b41fd62627be1e31dd70c283f3c5188b54fd100fda2f47adaaedb335e881254?s=96&d=mm&r=g\",\"contentUrl\":\"https:\/\/secure.gravatar.com\/avatar\/6b41fd62627be1e31dd70c283f3c5188b54fd100fda2f47adaaedb335e881254?s=96&d=mm&r=g\",\"caption\":\"asociados\"},\"url\":\"https:\/\/www.grupodcc3000.com\/asociado\/josemari\/author\/asociados\/\"}]}<\/script>\n<!-- \/ Yoast SEO plugin. -->","yoast_head_json":{"title":"Cocina Vertix Perla y Piemonte Blanco - Materiales de construcci\u00f3n Jos\u00e9 Mari SLL","robots":{"index":"index","follow":"follow","max-snippet":"max-snippet:-1","max-image-preview":"max-image-preview:large","max-video-preview":"max-video-preview:-1"},"canonical":"https:\/\/www.grupodcc3000.com\/asociado\/josemari\/cocina-vertix-perla\/","og_locale":"es_ES","og_type":"article","og_title":"Cocina Vertix Perla y Piemonte Blanco - Materiales de construcci\u00f3n Jos\u00e9 Mari SLL","og_description":"Haz click en el visor y disfruta de tu experiencia. Desde Grupo DCC 3000 contamos con la \u00faltima tecnolog\u00eda de dise\u00f1o de ambientes 3D. Gracias a Tilelook podr\u00e1s conocer espacios recreados en 3D para comprobar antes de hacer obra como quedar\u00eda su ambiente.","og_url":"https:\/\/www.grupodcc3000.com\/asociado\/josemari\/cocina-vertix-perla\/","og_site_name":"Materiales de construcci\u00f3n Jos\u00e9 Mari SLL","article_published_time":"2020-12-15T17:42:14+00:00","article_modified_time":"2020-12-15T20:15:36+00:00","author":"asociados","twitter_card":"summary_large_image","twitter_misc":{"Escrito por":"asociados","Tiempo de lectura":"1 minuto"},"schema":{"@context":"https:\/\/schema.org","@graph":[{"@type":"Article","@id":"https:\/\/www.grupodcc3000.com\/asociado\/josemari\/cocina-vertix-perla\/#article","isPartOf":{"@id":"https:\/\/www.grupodcc3000.com\/asociado\/josemari\/cocina-vertix-perla\/"},"author":{"name":"asociados","@id":"https:\/\/www.grupodcc3000.com\/asociado\/josemari\/#\/schema\/person\/2b64f2e2bd240c328e3e8d0df54cd119"},"headline":"Cocina Vertix Perla y Piemonte Blanco","datePublished":"2020-12-15T17:42:14+00:00","dateModified":"2020-12-15T20:15:36+00:00","mainEntityOfPage":{"@id":"https:\/\/www.grupodcc3000.com\/asociado\/josemari\/cocina-vertix-perla\/"},"wordCount":205,"commentCount":0,"inLanguage":"es","potentialAction":[{"@type":"CommentAction","name":"Comment","target":["https:\/\/www.grupodcc3000.com\/asociado\/josemari\/cocina-vertix-perla\/#respond"]}]},{"@type":"WebPage","@id":"https:\/\/www.grupodcc3000.com\/asociado\/josemari\/cocina-vertix-perla\/","url":"https:\/\/www.grupodcc3000.com\/asociado\/josemari\/cocina-vertix-perla\/","name":"Cocina Vertix Perla y Piemonte Blanco - Materiales de construcci\u00f3n Jos\u00e9 Mari SLL","isPartOf":{"@id":"https:\/\/www.grupodcc3000.com\/asociado\/josemari\/#website"},"datePublished":"2020-12-15T17:42:14+00:00","dateModified":"2020-12-15T20:15:36+00:00","author":{"@id":"https:\/\/www.grupodcc3000.com\/asociado\/josemari\/#\/schema\/person\/2b64f2e2bd240c328e3e8d0df54cd119"},"breadcrumb":{"@id":"https:\/\/www.grupodcc3000.com\/asociado\/josemari\/cocina-vertix-perla\/#breadcrumb"},"inLanguage":"es","potentialAction":[{"@type":"ReadAction","target":["https:\/\/www.grupodcc3000.com\/asociado\/josemari\/cocina-vertix-perla\/"]}]},{"@type":"BreadcrumbList","@id":"https:\/\/www.grupodcc3000.com\/asociado\/josemari\/cocina-vertix-perla\/#breadcrumb","itemListElement":[{"@type":"ListItem","position":1,"name":"Portada","item":"https:\/\/www.grupodcc3000.com\/asociado\/josemari\/"},{"@type":"ListItem","position":2,"name":"Cocina Vertix Perla y Piemonte Blanco"}]},{"@type":"WebSite","@id":"https:\/\/www.grupodcc3000.com\/asociado\/josemari\/#website","url":"https:\/\/www.grupodcc3000.com\/asociado\/josemari\/","name":"Materiales de construcci\u00f3n Jos\u00e9 Mari SLL","description":"Otro sitio m\u00e1s de Asociados GrupoDCC3000","potentialAction":[{"@type":"SearchAction","target":{"@type":"EntryPoint","urlTemplate":"https:\/\/www.grupodcc3000.com\/asociado\/josemari\/?s={search_term_string}"},"query-input":{"@type":"PropertyValueSpecification","valueRequired":true,"valueName":"search_term_string"}}],"inLanguage":"es"},{"@type":"Person","@id":"https:\/\/www.grupodcc3000.com\/asociado\/josemari\/#\/schema\/person\/2b64f2e2bd240c328e3e8d0df54cd119","name":"asociados","image":{"@type":"ImageObject","inLanguage":"es","@id":"https:\/\/www.grupodcc3000.com\/asociado\/josemari\/#\/schema\/person\/image\/","url":"https:\/\/secure.gravatar.com\/avatar\/6b41fd62627be1e31dd70c283f3c5188b54fd100fda2f47adaaedb335e881254?s=96&d=mm&r=g","contentUrl":"https:\/\/secure.gravatar.com\/avatar\/6b41fd62627be1e31dd70c283f3c5188b54fd100fda2f47adaaedb335e881254?s=96&d=mm&r=g","caption":"asociados"},"url":"https:\/\/www.grupodcc3000.com\/asociado\/josemari\/author\/asociados\/"}]}},"_links":{"self":[{"href":"https:\/\/www.grupodcc3000.com\/asociado\/josemari\/wp-json\/wp\/v2\/posts\/1929","targetHints":{"allow":["GET"]}}],"collection":[{"href":"https:\/\/www.grupodcc3000.com\/asociado\/josemari\/wp-json\/wp\/v2\/posts"}],"about":[{"href":"https:\/\/www.grupodcc3000.com\/asociado\/josemari\/wp-json\/wp\/v2\/types\/post"}],"author":[{"embeddable":true,"href":"https:\/\/www.grupodcc3000.com\/asociado\/josemari\/wp-json\/wp\/v2\/users\/4"}],"replies":[{"embeddable":true,"href":"https:\/\/www.grupodcc3000.com\/asociado\/josemari\/wp-json\/wp\/v2\/comments?post=1929"}],"version-history":[{"count":0,"href":"https:\/\/www.grupodcc3000.com\/asociado\/josemari\/wp-json\/wp\/v2\/posts\/1929\/revisions"}],"wp:attachment":[{"href":"https:\/\/www.grupodcc3000.com\/asociado\/josemari\/wp-json\/wp\/v2\/media?parent=1929"}],"wp:term":[{"taxonomy":"category","embeddable":true,"href":"https:\/\/www.grupodcc3000.com\/asociado\/josemari\/wp-json\/wp\/v2\/categories?post=1929"},{"taxonomy":"post_tag","embeddable":true,"href":"https:\/\/www.grupodcc3000.com\/asociado\/josemari\/wp-json\/wp\/v2\/tags?post=1929"}],"curies":[{"name":"wp","href":"https:\/\/api.w.org\/{rel}","templated":true}]}}