{"id":1646,"date":"2020-02-07T09:38:40","date_gmt":"2020-02-07T08:38:40","guid":{"rendered":"https:\/\/www.grupodcc3000.com\/asociado\/materialescantos\/2020\/02\/07\/grupodcc3000-y-sus-almacenes-asociados-en-cevisama-2020\/"},"modified":"2020-02-07T09:38:57","modified_gmt":"2020-02-07T08:38:57","slug":"grupodcc3000-y-sus-almacenes-asociados-en-cevisama-2020","status":"publish","type":"post","link":"https:\/\/www.grupodcc3000.com\/asociado\/materialescantos\/grupodcc3000-y-sus-almacenes-asociados-en-cevisama-2020\/","title":{"rendered":"GrupoDCC3000 y sus almacenes asociados en Cevisama 2020"},"content":{"rendered":"\n<p>Como muchos sab\u00e9is, del 3 al 7 de febrero se celebra Cevisama, la feria internacional de baldosas cer\u00e1micas y muebles de ba\u00f1o  m\u00e1s importante de Espa\u00f1a, en la ciudad de Valencia. GrupoDCC3000 y buena parte de sus almacenes asociados se han desplazado a esta ciudad, para mantenerse al tanto de las \u00faltimas novedades y ofertas del mercado. <br>Una experiencia \u00fanica donde conseguiremos nuevos acuerdos que nos permitir\u00e1n seguir creciendo de forma imparable.<\/p>\n\n\n\n<figure class=\"wp-block-gallery columns-3 is-cropped wp-block-gallery-1 is-layout-flex wp-block-gallery-is-layout-flex\"><ul class=\"blocks-gallery-grid\"><li class=\"blocks-gallery-item\"><figure><img decoding=\"async\" src=\"https:\/\/www.grupodcc3000.com\/asociado\/wp-content\/uploads\/2020\/02\/ceviisama-768x1024.jpeg\" alt=\"\" data-id=\"2328\" data-link=\"https:\/\/www.grupodcc3000.com\/asociado\/?attachment_id=2328\" class=\"wp-image-1647\"\/><\/figure><\/li><li class=\"blocks-gallery-item\"><figure><img decoding=\"async\" src=\"https:\/\/www.grupodcc3000.com\/asociado\/wp-content\/uploads\/2020\/02\/dos-1024x683.jpg\" alt=\"\" data-id=\"2330\" data-link=\"https:\/\/www.grupodcc3000.com\/asociado\/?attachment_id=2330\" class=\"wp-image-1649\"\/><\/figure><\/li><li class=\"blocks-gallery-item\"><figure><img loading=\"lazy\" decoding=\"async\" width=\"799\" height=\"533\" src=\"https:\/\/www.grupodcc3000.com\/asociado\/materialescantos\/wp-content\/uploads\/sites\/80\/2020\/02\/49484528593_abdc4b6027_c.jpg\" alt=\"\" data-id=\"2331\" data-full-url=\"https:\/\/www.grupodcc3000.com\/asociado\/materialescantos\/wp-content\/uploads\/sites\/80\/2020\/02\/49484528593_abdc4b6027_c.jpg\" data-link=\"https:\/\/www.grupodcc3000.com\/asociado\/?attachment_id=2331\" class=\"wp-image-1651\" srcset=\"https:\/\/www.grupodcc3000.com\/asociado\/materialescantos\/wp-content\/uploads\/sites\/80\/2020\/02\/49484528593_abdc4b6027_c.jpg 799w, https:\/\/www.grupodcc3000.com\/asociado\/materialescantos\/wp-content\/uploads\/sites\/80\/2020\/02\/49484528593_abdc4b6027_c-480x320.jpg 480w\" sizes=\"(min-width: 0px) and (max-width: 480px) 480px, (min-width: 481px) 799px, 100vw\" \/><\/figure><\/li><li class=\"blocks-gallery-item\"><figure><img loading=\"lazy\" decoding=\"async\" width=\"799\" height=\"533\" src=\"https:\/\/www.grupodcc3000.com\/asociado\/materialescantos\/wp-content\/uploads\/sites\/80\/2020\/02\/49485226962_06c6b60685_c.jpg\" alt=\"\" data-id=\"2332\" data-full-url=\"https:\/\/www.grupodcc3000.com\/asociado\/materialescantos\/wp-content\/uploads\/sites\/80\/2020\/02\/49485226962_06c6b60685_c.jpg\" data-link=\"https:\/\/www.grupodcc3000.com\/asociado\/?attachment_id=2332\" class=\"wp-image-1653\" srcset=\"https:\/\/www.grupodcc3000.com\/asociado\/materialescantos\/wp-content\/uploads\/sites\/80\/2020\/02\/49485226962_06c6b60685_c.jpg 799w, https:\/\/www.grupodcc3000.com\/asociado\/materialescantos\/wp-content\/uploads\/sites\/80\/2020\/02\/49485226962_06c6b60685_c-480x320.jpg 480w\" sizes=\"(min-width: 0px) and (max-width: 480px) 480px, (min-width: 481px) 799px, 100vw\" \/><\/figure><\/li><\/ul><\/figure>\n\n\n\n<p>\u00a1Les mantendremos informados!<\/p>\n","protected":false},"excerpt":{"rendered":"<p>Como muchos sab\u00e9is, del 3 al 7 de febrero se celebra Cevisama, la feria internacional de baldosas cer\u00e1micas y muebles de ba\u00f1o m\u00e1s importante de Espa\u00f1a, en la ciudad de Valencia. GrupoDCC3000 y buena parte de sus almacenes asociados se han desplazado a esta ciudad, para mantenerse al tanto de las \u00faltimas novedades y ofertas [&hellip;]<\/p>\n","protected":false},"author":4,"featured_media":1647,"comment_status":"open","ping_status":"open","sticky":false,"template":"","format":"standard","meta":{"_et_pb_use_builder":"off","_et_pb_old_content":"","_et_gb_content_width":"1920","footnotes":""},"categories":[1],"tags":[],"class_list":["post-1646","post","type-post","status-publish","format-standard","has-post-thumbnail","hentry","category-sin-categoria"],"_links":{"self":[{"href":"https:\/\/www.grupodcc3000.com\/asociado\/materialescantos\/wp-json\/wp\/v2\/posts\/1646","targetHints":{"allow":["GET"]}}],"collection":[{"href":"https:\/\/www.grupodcc3000.com\/asociado\/materialescantos\/wp-json\/wp\/v2\/posts"}],"about":[{"href":"https:\/\/www.grupodcc3000.com\/asociado\/materialescantos\/wp-json\/wp\/v2\/types\/post"}],"author":[{"embeddable":true,"href":"https:\/\/www.grupodcc3000.com\/asociado\/materialescantos\/wp-json\/wp\/v2\/users\/4"}],"replies":[{"embeddable":true,"href":"https:\/\/www.grupodcc3000.com\/asociado\/materialescantos\/wp-json\/wp\/v2\/comments?post=1646"}],"version-history":[{"count":4,"href":"https:\/\/www.grupodcc3000.com\/asociado\/materialescantos\/wp-json\/wp\/v2\/posts\/1646\/revisions"}],"predecessor-version":[{"id":1654,"href":"https:\/\/www.grupodcc3000.com\/asociado\/materialescantos\/wp-json\/wp\/v2\/posts\/1646\/revisions\/1654"}],"wp:featuredmedia":[{"embeddable":true,"href":"https:\/\/www.grupodcc3000.com\/asociado\/materialescantos\/wp-json\/wp\/v2\/media\/1647"}],"wp:attachment":[{"href":"https:\/\/www.grupodcc3000.com\/asociado\/materialescantos\/wp-json\/wp\/v2\/media?parent=1646"}],"wp:term":[{"taxonomy":"category","embeddable":true,"href":"https:\/\/www.grupodcc3000.com\/asociado\/materialescantos\/wp-json\/wp\/v2\/categories?post=1646"},{"taxonomy":"post_tag","embeddable":true,"href":"https:\/\/www.grupodcc3000.com\/asociado\/materialescantos\/wp-json\/wp\/v2\/tags?post=1646"}],"curies":[{"name":"wp","href":"https:\/\/api.w.org\/{rel}","templated":true}]}}