{"id":2462,"date":"2022-01-26T17:57:03","date_gmt":"2022-01-26T16:57:03","guid":{"rendered":"https:\/\/www.grupodcc3000.com\/asociado\/sanchezcarretero\/porcelanicos-y-revestimientos-en-tendencia-by-alaplana\/"},"modified":"2022-01-27T09:33:06","modified_gmt":"2022-01-27T08:33:06","slug":"porcelanicos-y-revestimientos-en-tendencia-by-alaplana","status":"publish","type":"post","link":"https:\/\/www.grupodcc3000.com\/asociado\/sanchezcarretero\/porcelanicos-y-revestimientos-en-tendencia-by-alaplana\/","title":{"rendered":"PORCEL\u00c1NICOS Y REVESTIMIENTOS EN TENDENCIA by ALAPLANA"},"content":{"rendered":"\n<p><strong><a href=\"https:\/\/nuevaalaplana.es\/\">Alaplana <\/a><\/strong>es una empresa de gran experiencia en el sector cer\u00e1mico con un ambicioso proyecto que mira al futuro con la firme apuesta de adaptarse a los nuevos tiempos. Dise\u00f1o, calidad y tecnolog\u00eda hacen de <strong>Alaplana <\/strong>una referencia del sector azulejero espa\u00f1ol, siempre pendiente de mejorar d\u00eda a d\u00eda, azulejo a azulejo, ofreciendo a sus clientes la cer\u00e1mica que necesitan e imaginan. Hoy te mostramos algunas de las nuevas series que <strong>Alaplana <\/strong>nos ofrece y sus diferentes caracter\u00edsticas.<\/p>\n\n\n\n<p>En primer lugar, os traemos la serie <strong>CIRON<\/strong>. El cemento como base para crear interiores exclusivos donde destaca el equilibrio de color y las combinaciones ilimitadas. Algunas de sus caracter\u00edsticas que hacen que se adapte perfectamente a tu hogar d\u00e1ndole modernidad son: <\/p>\n\n\n\n<p>\ud835\udc0f\ud835\udc28\ud835\udc2b\ud835\udc1c\ud835\udc1e\ud835\udc25\u00e1\ud835\udc27\ud835\udc22\ud835\udc1c\ud835\udc28<img loading=\"lazy\" decoding=\"async\" width=\"16\" height=\"16\" src=\"https:\/\/static.xx.fbcdn.net\/images\/emoji.php\/v9\/t98\/1\/16\/1f4d0.png\" alt=\"\ud83d\udcd0\"> 60x60cm \u00b7 23.4\u201dx23.4\u201d RC\/MC<img loading=\"lazy\" decoding=\"async\" width=\"16\" height=\"16\" src=\"https:\/\/static.xx.fbcdn.net\/images\/emoji.php\/v9\/t82\/1\/16\/1f3a8.png\" alt=\"\ud83c\udfa8\"> White, Pearl &amp; Grey.<\/p>\n\n\n\n<p> \ud835\udc11\ud835\udc1e\ud835\udc2f\ud835\udc1e\ud835\udc2c\ud835\udc2d\ud835\udc22\ud835\udc26\ud835\udc22\ud835\udc1e\ud835\udc27\ud835\udc2d\ud835\udc28 \ud835\udc29\ud835\udc1a\ud835\udc2c\ud835\udc2d\ud835\udc1a \ud835\udc1b\ud835\udc25\ud835\udc1a\ud835\udc27\ud835\udc1c\ud835\udc1a <img loading=\"lazy\" decoding=\"async\" width=\"16\" height=\"16\" src=\"https:\/\/static.xx.fbcdn.net\/images\/emoji.php\/v9\/t98\/1\/16\/1f4d0.png\" alt=\"\ud83d\udcd0\"> 40x120cm \u00b7 15.7\u201dx39.5\u201d RC<img loading=\"lazy\" decoding=\"async\" width=\"16\" height=\"16\" src=\"https:\/\/static.xx.fbcdn.net\/images\/emoji.php\/v9\/t82\/1\/16\/1f3a8.png\" alt=\"\ud83c\udfa8\"> White, Pearl, Grey, Mosaic White, Mosaic Pearl &amp; Mosaic Grey.<\/p>\n\n\n\n<p>\ud835\udc11\ud835\udc1e\ud835\udc2f\ud835\udc1e\ud835\udc2c\ud835\udc2d\ud835\udc22\ud835\udc26\ud835\udc22\ud835\udc1e\ud835\udc27\ud835\udc2d\ud835\udc28 \ud835\udc29\ud835\udc1a\ud835\udc2c\ud835\udc2d\ud835\udc1a \ud835\udc2b\ud835\udc28\ud835\udc23\ud835\udc1a <img loading=\"lazy\" decoding=\"async\" width=\"16\" height=\"16\" src=\"https:\/\/static.xx.fbcdn.net\/images\/emoji.php\/v9\/t98\/1\/16\/1f4d0.png\" alt=\"\ud83d\udcd0\"> 30x60cm \u00b7 11.8\u201dx23.4\u201d<img loading=\"lazy\" decoding=\"async\" width=\"16\" height=\"16\" src=\"https:\/\/static.xx.fbcdn.net\/images\/emoji.php\/v9\/t82\/1\/16\/1f3a8.png\" alt=\"\ud83c\udfa8\"> Mosaic Warm &amp; Mosaic Cold.<\/p>\n\n\n\n<p><\/p>\n\n\n\n<figure class=\"wp-block-gallery has-nested-images columns-default is-cropped wp-block-gallery-1 is-layout-flex wp-block-gallery-is-layout-flex\">\n<figure class=\"wp-block-image size-large\"><img decoding=\"async\" data-id=\"4793\" src=\"https:\/\/www.grupodcc3000.com\/asociado\/wp-content\/uploads\/2022\/01\/269598552_1209043719622453_1364297949737872898_n-1024x724.jpg\" alt=\"\" class=\"wp-image-4793\"\/><\/figure>\n\n\n\n<figure class=\"wp-block-image size-large\"><img decoding=\"async\" data-id=\"4794\" src=\"https:\/\/www.grupodcc3000.com\/asociado\/wp-content\/uploads\/2022\/01\/272454838_1209043699622455_9056789866938745032_n-1024x724.jpg\" alt=\"\" class=\"wp-image-4794\"\/><\/figure>\n\n\n\n<figure class=\"wp-block-image size-large\"><img decoding=\"async\" data-id=\"4792\" src=\"https:\/\/www.grupodcc3000.com\/asociado\/wp-content\/uploads\/2022\/01\/1-1024x585.jpg\" alt=\"\" class=\"wp-image-4792\"\/><\/figure>\n<\/figure>\n\n\n\n<p><\/p>\n\n\n\n<p>Por otro lado, esta la serie <strong>ANNIE BLUE<\/strong>. Un lujoso y exclusivo m\u00e1rmol que nos sumerge en los caprichos coloristas de un vasto oc\u00e9ano. Este acabado de marmol le dar\u00e1 un toque elegante y fresco a tu habitaci\u00f3n, lo puedes encontrar con las siguientes caracter\u00edsticas: <\/p>\n\n\n\n<p><strong>Porcel\u00e1nico <\/strong><img loading=\"lazy\" decoding=\"async\" width=\"16\" height=\"16\" src=\"https:\/\/static.xx.fbcdn.net\/images\/emoji.php\/v9\/t98\/1\/16\/1f4d0.png\" alt=\"\ud83d\udcd0\"> 120x120cm RC<img loading=\"lazy\" decoding=\"async\" width=\"16\" height=\"16\" src=\"https:\/\/static.xx.fbcdn.net\/images\/emoji.php\/v9\/t98\/1\/16\/1f4d0.png\" alt=\"\ud83d\udcd0\"> 60x120cm RC<\/p>\n\n\n\n<p><\/p>\n\n\n\n<figure class=\"wp-block-image size-large\"><img decoding=\"async\" src=\"https:\/\/www.grupodcc3000.com\/asociado\/wp-content\/uploads\/2022\/01\/272103017_1204457926747699_8149393623035934443_n-1024x768.jpg\" alt=\"\" class=\"wp-image-4795\"\/><\/figure>\n\n\n\n<p><\/p>\n\n\n\n<p>Si optamos por un acabado m\u00e1s cl\u00e1sico o simple podremos encontrar la serie <strong>DUSTIN<\/strong>. La simplicidad convertida en un elegante azulejo perfecto para estancias minimalistas. Esta serie otorga a tu hogar un estilo elegante y sencillo para sentirte en paz. Sus caracter\u00edsticas principales son: <\/p>\n\n\n\n<p><strong>Porcel\u00e1nico <\/strong><img loading=\"lazy\" decoding=\"async\" width=\"16\" height=\"16\" src=\"https:\/\/static.xx.fbcdn.net\/images\/emoji.php\/v9\/t98\/1\/16\/1f4d0.png\" alt=\"\ud83d\udcd0\"> 100x100cm \u00b7 39.3\u201dx39.3\u201d RC\/MC<img loading=\"lazy\" decoding=\"async\" width=\"16\" height=\"16\" src=\"https:\/\/static.xx.fbcdn.net\/images\/emoji.php\/v9\/t98\/1\/16\/1f4d0.png\" alt=\"\ud83d\udcd0\"> 60x120cm \u00b7 23.4\u201dx47.2\u201d RC\/MC<img loading=\"lazy\" decoding=\"async\" width=\"16\" height=\"16\" src=\"https:\/\/static.xx.fbcdn.net\/images\/emoji.php\/v9\/t98\/1\/16\/1f4d0.png\" alt=\"\ud83d\udcd0\"> 60x60cm \u00b7 23.4\u201dx23.4\u201d RC\/MC<\/p>\n\n\n\n<p><strong>Revestimiento pasta blanca<\/strong> <img loading=\"lazy\" decoding=\"async\" width=\"16\" height=\"16\" src=\"https:\/\/static.xx.fbcdn.net\/images\/emoji.php\/v9\/t98\/1\/16\/1f4d0.png\" alt=\"\ud83d\udcd0\"> 33,3x90cm \u00b7 13.1\u201dx35.4\u201d RC<img loading=\"lazy\" decoding=\"async\" width=\"16\" height=\"16\" src=\"https:\/\/static.xx.fbcdn.net\/images\/emoji.php\/v9\/t82\/1\/16\/1f3a8.png\" alt=\"\ud83c\udfa8\"> Beige, Blanco, Gris, Gris oscuro &amp; Antracita<img loading=\"lazy\" decoding=\"async\" width=\"16\" height=\"16\" src=\"https:\/\/static.xx.fbcdn.net\/images\/emoji.php\/v9\/t82\/1\/16\/1f3a8.png\" alt=\"\ud83c\udfa8\"> Mosaic beige, Mosaic blanco &amp; Mosaic Beige.<\/p>\n\n\n\n<p><\/p>\n\n\n\n<figure class=\"wp-block-gallery has-nested-images columns-default is-cropped wp-block-gallery-2 is-layout-flex wp-block-gallery-is-layout-flex\">\n<figure class=\"wp-block-image size-large\"><img decoding=\"async\" data-id=\"4797\" src=\"https:\/\/www.grupodcc3000.com\/asociado\/wp-content\/uploads\/2022\/01\/271760608_1201430963717062_5295281130551348209_n-1024x726.jpg\" alt=\"\" class=\"wp-image-4797\"\/><\/figure>\n\n\n\n<figure class=\"wp-block-image size-large\"><img decoding=\"async\" data-id=\"4796\" src=\"https:\/\/www.grupodcc3000.com\/asociado\/wp-content\/uploads\/2022\/01\/271744140_1201430953717063_2681184097647996449_n-1024x724.jpg\" alt=\"\" class=\"wp-image-4796\"\/><\/figure>\n<\/figure>\n\n\n\n<p><\/p>\n\n\n\n<p>Por \u00faltimo, Los listones de madera crean un ambiente c\u00e1lido y hogare\u00f1o sin perder la elegancia. Por eso os traemos la serie <strong>MERIADOC <\/strong>nos ofrece una amplia gama de tonos cuyas vetas envejecidas por el paso del tiempo en la madera, ofrecen la soluci\u00f3n perfecta para todo tipo de estancias gracias a nuestro porcel\u00e1nico antideslizante <strong>SLIP-STOP<\/strong> que te permitir\u00e1 unir estancias interiores y exteriores. Tiene las siguientes caracter\u00edsticas:<\/p>\n\n\n\n<p><strong>PORCEL\u00c1NICO <\/strong>\ud835\udc12\ud835\udc0b\ud835\udc08\ud835\udc0f-\ud835\udc12\ud835\udc13\ud835\udc0e\ud835\udc0f<img loading=\"lazy\" decoding=\"async\" width=\"16\" height=\"16\" src=\"https:\/\/static.xx.fbcdn.net\/images\/emoji.php\/v9\/t98\/1\/16\/1f4d0.png\" alt=\"\ud83d\udcd0\"> 23X120CM RECT. \u00b7 9.06X47.24GRES \/ \ud835\ude0d\ud835\ude13\ud835\ude16\ud835\ude16\ud835\ude19 \ud835\ude1b\ud835\ude10\ud835\ude13\ud835\ude0c\ud835\ude1a<img loading=\"lazy\" decoding=\"async\" width=\"16\" height=\"16\" src=\"https:\/\/static.xx.fbcdn.net\/images\/emoji.php\/v9\/t98\/1\/16\/1f4d0.png\" alt=\"\ud83d\udcd0\"> 24X95 \u00b7 9.45X37.4<\/p>\n\n\n\n<p><\/p>\n\n\n\n<figure class=\"wp-block-gallery has-nested-images columns-default is-cropped wp-block-gallery-3 is-layout-flex wp-block-gallery-is-layout-flex\">\n<figure class=\"wp-block-image size-large\"><img decoding=\"async\" data-id=\"4800\" src=\"https:\/\/www.grupodcc3000.com\/asociado\/wp-content\/uploads\/2022\/01\/270405412_1192020354658123_4650023934255581477_n-1024x682.jpg\" alt=\"\" class=\"wp-image-4800\"\/><\/figure>\n\n\n\n<figure class=\"wp-block-image size-large\"><img decoding=\"async\" data-id=\"4798\" src=\"https:\/\/www.grupodcc3000.com\/asociado\/wp-content\/uploads\/2022\/01\/270362262_1192020424658116_1345526207426714557_n-1024x683.jpg\" alt=\"\" class=\"wp-image-4798\"\/><\/figure>\n\n\n\n<figure class=\"wp-block-image size-large\"><img decoding=\"async\" data-id=\"4799\" src=\"https:\/\/www.grupodcc3000.com\/asociado\/wp-content\/uploads\/2022\/01\/270124783_1192020401324785_1365412496573995091_n-1024x724.jpg\" alt=\"\" class=\"wp-image-4799\"\/><\/figure>\n<\/figure>\n\n\n\n<p>Todo esto y mucho m\u00e1s podr\u00e1s encontrarlo en nuestro almac\u00e9n para mayor informaci\u00f3n. Cons\u00faltanos y resolveremos tus inquietudes, estaremos encantados de recibirte.<\/p>\n","protected":false},"excerpt":{"rendered":"<p>Descubre las \u00faltimas tendencias en series de porcel\u00e1nicos y revestimientos de la mano de nuestro proveedor de cer\u00e1mica: Alaplana.<\/p>\n","protected":false},"author":4,"featured_media":0,"comment_status":"open","ping_status":"open","sticky":false,"template":"","format":"standard","meta":{"_et_pb_use_builder":"","_et_pb_old_content":"","_et_gb_content_width":"","footnotes":""},"categories":[1],"tags":[],"class_list":["post-2462","post","type-post","status-publish","format-standard","hentry","category-sin-categoria"],"yoast_head":"<!-- This site is optimized with the Yoast SEO plugin v27.1.1 - https:\/\/yoast.com\/product\/yoast-seo-wordpress\/ -->\n<title>PORCEL\u00c1NICOS Y REVESTIMIENTOS EN TENDENCIA by ALAPLANA - Materiales de Construcci\u00f3n Sanchez Carretero<\/title>\n<meta name=\"robots\" content=\"index, follow, max-snippet:-1, max-image-preview:large, max-video-preview:-1\" \/>\n<link rel=\"canonical\" href=\"https:\/\/www.grupodcc3000.com\/asociado\/sanchezcarretero\/porcelanicos-y-revestimientos-en-tendencia-by-alaplana\/\" \/>\n<meta property=\"og:locale\" content=\"es_ES\" \/>\n<meta property=\"og:type\" content=\"article\" \/>\n<meta property=\"og:title\" content=\"PORCEL\u00c1NICOS Y REVESTIMIENTOS EN TENDENCIA by ALAPLANA - Materiales de Construcci\u00f3n Sanchez Carretero\" \/>\n<meta property=\"og:description\" content=\"Descubre las \u00faltimas tendencias en series de porcel\u00e1nicos y revestimientos de la mano de nuestro proveedor de cer\u00e1mica: Alaplana.\" \/>\n<meta property=\"og:url\" content=\"https:\/\/www.grupodcc3000.com\/asociado\/sanchezcarretero\/porcelanicos-y-revestimientos-en-tendencia-by-alaplana\/\" \/>\n<meta property=\"og:site_name\" content=\"Materiales de Construcci\u00f3n Sanchez Carretero\" \/>\n<meta property=\"article:published_time\" content=\"2022-01-26T16:57:03+00:00\" \/>\n<meta property=\"article:modified_time\" content=\"2022-01-27T08:33:06+00:00\" \/>\n<meta property=\"og:image\" content=\"https:\/\/static.xx.fbcdn.net\/images\/emoji.php\/v9\/t98\/1\/16\/1f4d0.png\" \/>\n<meta name=\"author\" content=\"asociados\" \/>\n<meta name=\"twitter:card\" content=\"summary_large_image\" \/>\n<meta name=\"twitter:label1\" content=\"Escrito por\" \/>\n\t<meta name=\"twitter:data1\" content=\"asociados\" \/>\n\t<meta name=\"twitter:label2\" content=\"Tiempo de lectura\" \/>\n\t<meta name=\"twitter:data2\" content=\"2 minutos\" \/>\n<script type=\"application\/ld+json\" class=\"yoast-schema-graph\">{\"@context\":\"https:\/\/schema.org\",\"@graph\":[{\"@type\":\"Article\",\"@id\":\"https:\/\/www.grupodcc3000.com\/asociado\/sanchezcarretero\/porcelanicos-y-revestimientos-en-tendencia-by-alaplana\/#article\",\"isPartOf\":{\"@id\":\"https:\/\/www.grupodcc3000.com\/asociado\/sanchezcarretero\/porcelanicos-y-revestimientos-en-tendencia-by-alaplana\/\"},\"author\":{\"name\":\"asociados\",\"@id\":\"https:\/\/www.grupodcc3000.com\/asociado\/sanchezcarretero\/#\/schema\/person\/2b64f2e2bd240c328e3e8d0df54cd119\"},\"headline\":\"PORCEL\u00c1NICOS Y REVESTIMIENTOS EN TENDENCIA by ALAPLANA\",\"datePublished\":\"2022-01-26T16:57:03+00:00\",\"dateModified\":\"2022-01-27T08:33:06+00:00\",\"mainEntityOfPage\":{\"@id\":\"https:\/\/www.grupodcc3000.com\/asociado\/sanchezcarretero\/porcelanicos-y-revestimientos-en-tendencia-by-alaplana\/\"},\"wordCount\":421,\"commentCount\":0,\"image\":{\"@id\":\"https:\/\/www.grupodcc3000.com\/asociado\/sanchezcarretero\/porcelanicos-y-revestimientos-en-tendencia-by-alaplana\/#primaryimage\"},\"thumbnailUrl\":\"https:\/\/static.xx.fbcdn.net\/images\/emoji.php\/v9\/t98\/1\/16\/1f4d0.png\",\"inLanguage\":\"es\",\"potentialAction\":[{\"@type\":\"CommentAction\",\"name\":\"Comment\",\"target\":[\"https:\/\/www.grupodcc3000.com\/asociado\/sanchezcarretero\/porcelanicos-y-revestimientos-en-tendencia-by-alaplana\/#respond\"]}]},{\"@type\":\"WebPage\",\"@id\":\"https:\/\/www.grupodcc3000.com\/asociado\/sanchezcarretero\/porcelanicos-y-revestimientos-en-tendencia-by-alaplana\/\",\"url\":\"https:\/\/www.grupodcc3000.com\/asociado\/sanchezcarretero\/porcelanicos-y-revestimientos-en-tendencia-by-alaplana\/\",\"name\":\"PORCEL\u00c1NICOS Y REVESTIMIENTOS EN TENDENCIA by ALAPLANA - Materiales de Construcci\u00f3n Sanchez Carretero\",\"isPartOf\":{\"@id\":\"https:\/\/www.grupodcc3000.com\/asociado\/sanchezcarretero\/#website\"},\"primaryImageOfPage\":{\"@id\":\"https:\/\/www.grupodcc3000.com\/asociado\/sanchezcarretero\/porcelanicos-y-revestimientos-en-tendencia-by-alaplana\/#primaryimage\"},\"image\":{\"@id\":\"https:\/\/www.grupodcc3000.com\/asociado\/sanchezcarretero\/porcelanicos-y-revestimientos-en-tendencia-by-alaplana\/#primaryimage\"},\"thumbnailUrl\":\"https:\/\/static.xx.fbcdn.net\/images\/emoji.php\/v9\/t98\/1\/16\/1f4d0.png\",\"datePublished\":\"2022-01-26T16:57:03+00:00\",\"dateModified\":\"2022-01-27T08:33:06+00:00\",\"author\":{\"@id\":\"https:\/\/www.grupodcc3000.com\/asociado\/sanchezcarretero\/#\/schema\/person\/2b64f2e2bd240c328e3e8d0df54cd119\"},\"breadcrumb\":{\"@id\":\"https:\/\/www.grupodcc3000.com\/asociado\/sanchezcarretero\/porcelanicos-y-revestimientos-en-tendencia-by-alaplana\/#breadcrumb\"},\"inLanguage\":\"es\",\"potentialAction\":[{\"@type\":\"ReadAction\",\"target\":[\"https:\/\/www.grupodcc3000.com\/asociado\/sanchezcarretero\/porcelanicos-y-revestimientos-en-tendencia-by-alaplana\/\"]}]},{\"@type\":\"ImageObject\",\"inLanguage\":\"es\",\"@id\":\"https:\/\/www.grupodcc3000.com\/asociado\/sanchezcarretero\/porcelanicos-y-revestimientos-en-tendencia-by-alaplana\/#primaryimage\",\"url\":\"https:\/\/static.xx.fbcdn.net\/images\/emoji.php\/v9\/t98\/1\/16\/1f4d0.png\",\"contentUrl\":\"https:\/\/static.xx.fbcdn.net\/images\/emoji.php\/v9\/t98\/1\/16\/1f4d0.png\"},{\"@type\":\"BreadcrumbList\",\"@id\":\"https:\/\/www.grupodcc3000.com\/asociado\/sanchezcarretero\/porcelanicos-y-revestimientos-en-tendencia-by-alaplana\/#breadcrumb\",\"itemListElement\":[{\"@type\":\"ListItem\",\"position\":1,\"name\":\"Portada\",\"item\":\"https:\/\/www.grupodcc3000.com\/asociado\/sanchezcarretero\/\"},{\"@type\":\"ListItem\",\"position\":2,\"name\":\"PORCEL\u00c1NICOS Y REVESTIMIENTOS EN TENDENCIA by ALAPLANA\"}]},{\"@type\":\"WebSite\",\"@id\":\"https:\/\/www.grupodcc3000.com\/asociado\/sanchezcarretero\/#website\",\"url\":\"https:\/\/www.grupodcc3000.com\/asociado\/sanchezcarretero\/\",\"name\":\"Materiales de Construcci\u00f3n Sanchez Carretero\",\"description\":\"Otro sitio m\u00e1s de Asociados GrupoDCC3000\",\"potentialAction\":[{\"@type\":\"SearchAction\",\"target\":{\"@type\":\"EntryPoint\",\"urlTemplate\":\"https:\/\/www.grupodcc3000.com\/asociado\/sanchezcarretero\/?s={search_term_string}\"},\"query-input\":{\"@type\":\"PropertyValueSpecification\",\"valueRequired\":true,\"valueName\":\"search_term_string\"}}],\"inLanguage\":\"es\"},{\"@type\":\"Person\",\"@id\":\"https:\/\/www.grupodcc3000.com\/asociado\/sanchezcarretero\/#\/schema\/person\/2b64f2e2bd240c328e3e8d0df54cd119\",\"name\":\"asociados\",\"image\":{\"@type\":\"ImageObject\",\"inLanguage\":\"es\",\"@id\":\"https:\/\/www.grupodcc3000.com\/asociado\/sanchezcarretero\/#\/schema\/person\/image\/\",\"url\":\"https:\/\/secure.gravatar.com\/avatar\/6b41fd62627be1e31dd70c283f3c5188b54fd100fda2f47adaaedb335e881254?s=96&d=mm&r=g\",\"contentUrl\":\"https:\/\/secure.gravatar.com\/avatar\/6b41fd62627be1e31dd70c283f3c5188b54fd100fda2f47adaaedb335e881254?s=96&d=mm&r=g\",\"caption\":\"asociados\"},\"url\":\"https:\/\/www.grupodcc3000.com\/asociado\/sanchezcarretero\/author\/asociados\/\"}]}<\/script>\n<!-- \/ Yoast SEO plugin. -->","yoast_head_json":{"title":"PORCEL\u00c1NICOS Y REVESTIMIENTOS EN TENDENCIA by ALAPLANA - Materiales de Construcci\u00f3n Sanchez Carretero","robots":{"index":"index","follow":"follow","max-snippet":"max-snippet:-1","max-image-preview":"max-image-preview:large","max-video-preview":"max-video-preview:-1"},"canonical":"https:\/\/www.grupodcc3000.com\/asociado\/sanchezcarretero\/porcelanicos-y-revestimientos-en-tendencia-by-alaplana\/","og_locale":"es_ES","og_type":"article","og_title":"PORCEL\u00c1NICOS Y REVESTIMIENTOS EN TENDENCIA by ALAPLANA - Materiales de Construcci\u00f3n Sanchez Carretero","og_description":"Descubre las \u00faltimas tendencias en series de porcel\u00e1nicos y revestimientos de la mano de nuestro proveedor de cer\u00e1mica: Alaplana.","og_url":"https:\/\/www.grupodcc3000.com\/asociado\/sanchezcarretero\/porcelanicos-y-revestimientos-en-tendencia-by-alaplana\/","og_site_name":"Materiales de Construcci\u00f3n Sanchez Carretero","article_published_time":"2022-01-26T16:57:03+00:00","article_modified_time":"2022-01-27T08:33:06+00:00","og_image":[{"url":"https:\/\/static.xx.fbcdn.net\/images\/emoji.php\/v9\/t98\/1\/16\/1f4d0.png","type":"","width":"","height":""}],"author":"asociados","twitter_card":"summary_large_image","twitter_misc":{"Escrito por":"asociados","Tiempo de lectura":"2 minutos"},"schema":{"@context":"https:\/\/schema.org","@graph":[{"@type":"Article","@id":"https:\/\/www.grupodcc3000.com\/asociado\/sanchezcarretero\/porcelanicos-y-revestimientos-en-tendencia-by-alaplana\/#article","isPartOf":{"@id":"https:\/\/www.grupodcc3000.com\/asociado\/sanchezcarretero\/porcelanicos-y-revestimientos-en-tendencia-by-alaplana\/"},"author":{"name":"asociados","@id":"https:\/\/www.grupodcc3000.com\/asociado\/sanchezcarretero\/#\/schema\/person\/2b64f2e2bd240c328e3e8d0df54cd119"},"headline":"PORCEL\u00c1NICOS Y REVESTIMIENTOS EN TENDENCIA by ALAPLANA","datePublished":"2022-01-26T16:57:03+00:00","dateModified":"2022-01-27T08:33:06+00:00","mainEntityOfPage":{"@id":"https:\/\/www.grupodcc3000.com\/asociado\/sanchezcarretero\/porcelanicos-y-revestimientos-en-tendencia-by-alaplana\/"},"wordCount":421,"commentCount":0,"image":{"@id":"https:\/\/www.grupodcc3000.com\/asociado\/sanchezcarretero\/porcelanicos-y-revestimientos-en-tendencia-by-alaplana\/#primaryimage"},"thumbnailUrl":"https:\/\/static.xx.fbcdn.net\/images\/emoji.php\/v9\/t98\/1\/16\/1f4d0.png","inLanguage":"es","potentialAction":[{"@type":"CommentAction","name":"Comment","target":["https:\/\/www.grupodcc3000.com\/asociado\/sanchezcarretero\/porcelanicos-y-revestimientos-en-tendencia-by-alaplana\/#respond"]}]},{"@type":"WebPage","@id":"https:\/\/www.grupodcc3000.com\/asociado\/sanchezcarretero\/porcelanicos-y-revestimientos-en-tendencia-by-alaplana\/","url":"https:\/\/www.grupodcc3000.com\/asociado\/sanchezcarretero\/porcelanicos-y-revestimientos-en-tendencia-by-alaplana\/","name":"PORCEL\u00c1NICOS Y REVESTIMIENTOS EN TENDENCIA by ALAPLANA - Materiales de Construcci\u00f3n Sanchez Carretero","isPartOf":{"@id":"https:\/\/www.grupodcc3000.com\/asociado\/sanchezcarretero\/#website"},"primaryImageOfPage":{"@id":"https:\/\/www.grupodcc3000.com\/asociado\/sanchezcarretero\/porcelanicos-y-revestimientos-en-tendencia-by-alaplana\/#primaryimage"},"image":{"@id":"https:\/\/www.grupodcc3000.com\/asociado\/sanchezcarretero\/porcelanicos-y-revestimientos-en-tendencia-by-alaplana\/#primaryimage"},"thumbnailUrl":"https:\/\/static.xx.fbcdn.net\/images\/emoji.php\/v9\/t98\/1\/16\/1f4d0.png","datePublished":"2022-01-26T16:57:03+00:00","dateModified":"2022-01-27T08:33:06+00:00","author":{"@id":"https:\/\/www.grupodcc3000.com\/asociado\/sanchezcarretero\/#\/schema\/person\/2b64f2e2bd240c328e3e8d0df54cd119"},"breadcrumb":{"@id":"https:\/\/www.grupodcc3000.com\/asociado\/sanchezcarretero\/porcelanicos-y-revestimientos-en-tendencia-by-alaplana\/#breadcrumb"},"inLanguage":"es","potentialAction":[{"@type":"ReadAction","target":["https:\/\/www.grupodcc3000.com\/asociado\/sanchezcarretero\/porcelanicos-y-revestimientos-en-tendencia-by-alaplana\/"]}]},{"@type":"ImageObject","inLanguage":"es","@id":"https:\/\/www.grupodcc3000.com\/asociado\/sanchezcarretero\/porcelanicos-y-revestimientos-en-tendencia-by-alaplana\/#primaryimage","url":"https:\/\/static.xx.fbcdn.net\/images\/emoji.php\/v9\/t98\/1\/16\/1f4d0.png","contentUrl":"https:\/\/static.xx.fbcdn.net\/images\/emoji.php\/v9\/t98\/1\/16\/1f4d0.png"},{"@type":"BreadcrumbList","@id":"https:\/\/www.grupodcc3000.com\/asociado\/sanchezcarretero\/porcelanicos-y-revestimientos-en-tendencia-by-alaplana\/#breadcrumb","itemListElement":[{"@type":"ListItem","position":1,"name":"Portada","item":"https:\/\/www.grupodcc3000.com\/asociado\/sanchezcarretero\/"},{"@type":"ListItem","position":2,"name":"PORCEL\u00c1NICOS Y REVESTIMIENTOS EN TENDENCIA by ALAPLANA"}]},{"@type":"WebSite","@id":"https:\/\/www.grupodcc3000.com\/asociado\/sanchezcarretero\/#website","url":"https:\/\/www.grupodcc3000.com\/asociado\/sanchezcarretero\/","name":"Materiales de Construcci\u00f3n Sanchez Carretero","description":"Otro sitio m\u00e1s de Asociados GrupoDCC3000","potentialAction":[{"@type":"SearchAction","target":{"@type":"EntryPoint","urlTemplate":"https:\/\/www.grupodcc3000.com\/asociado\/sanchezcarretero\/?s={search_term_string}"},"query-input":{"@type":"PropertyValueSpecification","valueRequired":true,"valueName":"search_term_string"}}],"inLanguage":"es"},{"@type":"Person","@id":"https:\/\/www.grupodcc3000.com\/asociado\/sanchezcarretero\/#\/schema\/person\/2b64f2e2bd240c328e3e8d0df54cd119","name":"asociados","image":{"@type":"ImageObject","inLanguage":"es","@id":"https:\/\/www.grupodcc3000.com\/asociado\/sanchezcarretero\/#\/schema\/person\/image\/","url":"https:\/\/secure.gravatar.com\/avatar\/6b41fd62627be1e31dd70c283f3c5188b54fd100fda2f47adaaedb335e881254?s=96&d=mm&r=g","contentUrl":"https:\/\/secure.gravatar.com\/avatar\/6b41fd62627be1e31dd70c283f3c5188b54fd100fda2f47adaaedb335e881254?s=96&d=mm&r=g","caption":"asociados"},"url":"https:\/\/www.grupodcc3000.com\/asociado\/sanchezcarretero\/author\/asociados\/"}]}},"_links":{"self":[{"href":"https:\/\/www.grupodcc3000.com\/asociado\/sanchezcarretero\/wp-json\/wp\/v2\/posts\/2462","targetHints":{"allow":["GET"]}}],"collection":[{"href":"https:\/\/www.grupodcc3000.com\/asociado\/sanchezcarretero\/wp-json\/wp\/v2\/posts"}],"about":[{"href":"https:\/\/www.grupodcc3000.com\/asociado\/sanchezcarretero\/wp-json\/wp\/v2\/types\/post"}],"author":[{"embeddable":true,"href":"https:\/\/www.grupodcc3000.com\/asociado\/sanchezcarretero\/wp-json\/wp\/v2\/users\/4"}],"replies":[{"embeddable":true,"href":"https:\/\/www.grupodcc3000.com\/asociado\/sanchezcarretero\/wp-json\/wp\/v2\/comments?post=2462"}],"version-history":[{"count":0,"href":"https:\/\/www.grupodcc3000.com\/asociado\/sanchezcarretero\/wp-json\/wp\/v2\/posts\/2462\/revisions"}],"wp:attachment":[{"href":"https:\/\/www.grupodcc3000.com\/asociado\/sanchezcarretero\/wp-json\/wp\/v2\/media?parent=2462"}],"wp:term":[{"taxonomy":"category","embeddable":true,"href":"https:\/\/www.grupodcc3000.com\/asociado\/sanchezcarretero\/wp-json\/wp\/v2\/categories?post=2462"},{"taxonomy":"post_tag","embeddable":true,"href":"https:\/\/www.grupodcc3000.com\/asociado\/sanchezcarretero\/wp-json\/wp\/v2\/tags?post=2462"}],"curies":[{"name":"wp","href":"https:\/\/api.w.org\/{rel}","templated":true}]}}