{"id":2512,"date":"2022-03-07T08:45:01","date_gmt":"2022-03-07T07:45:01","guid":{"rendered":"https:\/\/www.grupodcc3000.com\/asociado\/sanchezcarretero\/la-fenice-estilo-calidad-y-tradicion-ceramica\/"},"modified":"2022-03-07T08:47:21","modified_gmt":"2022-03-07T07:47:21","slug":"la-fenice-estilo-calidad-y-tradicion-ceramica","status":"publish","type":"post","link":"https:\/\/www.grupodcc3000.com\/asociado\/sanchezcarretero\/la-fenice-estilo-calidad-y-tradicion-ceramica\/","title":{"rendered":"LA FENICE: ESTILO, CALIDAD Y TRADICI\u00d3N CER\u00c1MICA"},"content":{"rendered":"\n<p><strong>\u201cLa Fenice\u201d<\/strong> opera desde hace m\u00e1s de quince a\u00f1os en el coraz\u00f3n del distrito cer\u00e1mico m\u00e1s importante del mundo y est\u00e1 en la cima de las realidades comerciales italianas m\u00e1s populares.&nbsp;\u201cLa Fenice\u201d representa hoy el punto de referencia para una nueva generaci\u00f3n de empresas que combinan<strong> flexibilidad, calidad y servicio<\/strong> con un concepto de venta altamente competitivo dirigido a clientes exigentes y calificados.<strong>&nbsp;L\u00edder del mercado en el sector de la gran distribuci\u00f3n<\/strong>, cuenta con el aprecio y la aprobaci\u00f3n de las cadenas internacionales m\u00e1s importantes<\/p>\n\n\n\n<figure class=\"wp-block-image size-full is-resized\"><img loading=\"lazy\" decoding=\"async\" src=\"https:\/\/www.grupodcc3000.com\/asociado\/wp-content\/uploads\/2022\/03\/lafenice-azienda-01-1024x683-1.jpg\" alt=\"\" class=\"wp-image-4882\" width=\"1024\" height=\"683\"\/><\/figure>\n\n\n\n<p><strong>El estilo, la calidad y la tradici\u00f3n cer\u00e1mica<\/strong> se manifiestan en una rica oferta de productos de vanguardia que se presta a soluciones flexibles e innovadoras para todos los sectores de la construcci\u00f3n.&nbsp;La producci\u00f3n de \u201cLa Fenice\u201d es completa e incluye todas las tecnolog\u00edas que demandan actualmente los mercados: Monococci\u00f3n en pasta roja y blanca, gres porcel\u00e1nico fino esmaltado, pasta coloreada y pasta entera. Fortalecidos por una tradici\u00f3n cer\u00e1mica reconocida en todo el mundo, \u201cLa Fenice\u201d consolida su \u00e9xito gracias a una estrategia comercial seria y din\u00e1mica encaminada a alcanzar los m\u00e1s altos est\u00e1ndares de calidad y servicio.&nbsp;Siempre atenta a seguir los cambios del mercado, invierte grandes recursos en investigaci\u00f3n, anticip\u00e1ndose a las modas y gustos de los consumidores y garantizando una continua innovaci\u00f3n est\u00e9tico-cualitativa de los materiales.<\/p>\n\n\n\n<p>Entre sus categor\u00edas de productos podemos encontrar una gran variedad y dentro de ella destacan sus <strong>categor\u00edas de suelos,<\/strong> de las que vamos a hablar hoy. En primer lugar, un <strong>piso de efecto m\u00e1rmol<\/strong>, un cl\u00e1sico renovado que da exclusividad y elegancia a tu suelo.<\/p>\n\n\n\n<figure class=\"wp-block-gallery has-nested-images columns-default is-cropped wp-block-gallery-1 is-layout-flex wp-block-gallery-is-layout-flex\">\n<figure class=\"wp-block-image size-large\"><img decoding=\"async\" data-id=\"4885\" src=\"https:\/\/www.grupodcc3000.com\/asociado\/wp-content\/uploads\/2022\/03\/pro_stone-grey-rett_0_stone-grey_60x60_E31-1024x1024.jpg\" alt=\"\" class=\"wp-image-4885\"\/><\/figure>\n\n\n\n<figure class=\"wp-block-image size-large\"><img decoding=\"async\" data-id=\"4883\" src=\"https:\/\/www.grupodcc3000.com\/asociado\/wp-content\/uploads\/2022\/03\/amb_style_1.jpg\" alt=\"\" class=\"wp-image-4883\"\/><\/figure>\n\n\n\n<figure class=\"wp-block-image size-large\"><img decoding=\"async\" data-id=\"4884\" src=\"https:\/\/www.grupodcc3000.com\/asociado\/wp-content\/uploads\/2022\/03\/amb_style_0.jpg\" alt=\"\" class=\"wp-image-4884\"\/><\/figure>\n<\/figure>\n\n\n\n<p>Adem\u00e1s, la Fenice tiene las mejores colecciones<strong> efecto madera<\/strong> para un efecto natural y agradablemente c\u00e1lido por un lado y por otro,  series innovadoras y modernas con colecciones efecto&nbsp;<strong>metal<\/strong>&nbsp;, urban y post urban.<\/p>\n\n\n\n<figure class=\"wp-block-gallery has-nested-images columns-default is-cropped wp-block-gallery-2 is-layout-flex wp-block-gallery-is-layout-flex\">\n<figure class=\"wp-block-image size-large\"><img decoding=\"async\" data-id=\"4888\" src=\"https:\/\/www.grupodcc3000.com\/asociado\/wp-content\/uploads\/2022\/03\/amb_oxydum_3-866x1024.jpg\" alt=\"\" class=\"wp-image-4888\"\/><\/figure>\n\n\n\n<figure class=\"wp-block-image size-large\"><img decoding=\"async\" data-id=\"4887\" src=\"https:\/\/www.grupodcc3000.com\/asociado\/wp-content\/uploads\/2022\/03\/amb_antrax_0-1024x738.jpg\" alt=\"\" class=\"wp-image-4887\"\/><\/figure>\n\n\n\n<figure class=\"wp-block-image size-large\"><img decoding=\"async\" data-id=\"4886\" src=\"https:\/\/www.grupodcc3000.com\/asociado\/wp-content\/uploads\/2022\/03\/amb_greek-wood_0.jpg\" alt=\"\" class=\"wp-image-4886\"\/><figcaption>Modern apartment interior design in scandinavian style<\/figcaption><\/figure>\n\n\n\n<figure class=\"wp-block-image size-large\"><img decoding=\"async\" data-id=\"4889\" src=\"https:\/\/www.grupodcc3000.com\/asociado\/wp-content\/uploads\/2022\/03\/amb_borealis_0.jpg\" alt=\"\" class=\"wp-image-4889\"\/><\/figure>\n<\/figure>\n\n\n\n<p>Por \u00faltimo, destacan tambi\u00e9n dos categor\u00edas como son <strong>efecto piedra y efecto cemento y terracota<\/strong>. El suelo de efecto piedra otorga a tu habitaci\u00f3n unos colores y dise\u00f1os naturales con los que lo viejo se vuelve nuevo. Sin embargo, con la serie de suelo de efecto cemento y terracota podr\u00e1s obtener una fusi\u00f3n entre sensaciones antiguas y modernas gracias a las nuevas tecnolog\u00edas.<\/p>\n\n\n\n<figure class=\"wp-block-gallery has-nested-images columns-default is-cropped wp-block-gallery-3 is-layout-flex wp-block-gallery-is-layout-flex\">\n<figure class=\"wp-block-image size-large\"><img decoding=\"async\" data-id=\"4892\" src=\"https:\/\/www.grupodcc3000.com\/asociado\/wp-content\/uploads\/2022\/03\/amb_shabby_3-1024x768.jpg\" alt=\"\" class=\"wp-image-4892\"\/><\/figure>\n\n\n\n<figure class=\"wp-block-image size-large\"><img decoding=\"async\" data-id=\"4891\" src=\"https:\/\/www.grupodcc3000.com\/asociado\/wp-content\/uploads\/2022\/03\/amb_cenere_0-733x1024.jpg\" alt=\"\" class=\"wp-image-4891\"\/><\/figure>\n\n\n\n<figure class=\"wp-block-image size-large\"><img decoding=\"async\" data-id=\"4893\" src=\"https:\/\/www.grupodcc3000.com\/asociado\/wp-content\/uploads\/2022\/03\/amb_gransasso_0.jpg\" alt=\"\" class=\"wp-image-4893\"\/><\/figure>\n\n\n\n<figure class=\"wp-block-image size-large\"><img decoding=\"async\" data-id=\"4890\" src=\"https:\/\/www.grupodcc3000.com\/asociado\/wp-content\/uploads\/2022\/03\/amb_murge_0.jpg\" alt=\"\" class=\"wp-image-4890\"\/><\/figure>\n<\/figure>\n\n\n\n<p>Todo esto lo podr\u00e1s encontrarlo en nuestra exposici\u00f3n. Cons\u00faltanos y resolveremos tus inquietudes, estaremos<strong> encantados de recibirte.<\/strong><\/p>\n","protected":false},"excerpt":{"rendered":"<p>Las nuevas series de suelos de La Fenice combinan elegancia, modernidad y unos colores y dise\u00f1os naturales que aportar\u00e1n frescura y sensaciones nuevas a tu piso. Aqu\u00ed puedes ver las nuevas novedades.<\/p>\n","protected":false},"author":4,"featured_media":0,"comment_status":"open","ping_status":"open","sticky":false,"template":"","format":"standard","meta":{"_et_pb_use_builder":"","_et_pb_old_content":"","_et_gb_content_width":"","footnotes":""},"categories":[1],"tags":[],"class_list":["post-2512","post","type-post","status-publish","format-standard","hentry","category-sin-categoria"],"yoast_head":"<!-- This site is optimized with the Yoast SEO plugin v27.1.1 - https:\/\/yoast.com\/product\/yoast-seo-wordpress\/ -->\n<title>LA FENICE: ESTILO, CALIDAD Y TRADICI\u00d3N CER\u00c1MICA - Materiales de Construcci\u00f3n Sanchez Carretero<\/title>\n<meta name=\"robots\" content=\"index, follow, max-snippet:-1, max-image-preview:large, max-video-preview:-1\" \/>\n<link rel=\"canonical\" href=\"https:\/\/www.grupodcc3000.com\/asociado\/sanchezcarretero\/la-fenice-estilo-calidad-y-tradicion-ceramica\/\" \/>\n<meta property=\"og:locale\" content=\"es_ES\" \/>\n<meta property=\"og:type\" content=\"article\" \/>\n<meta property=\"og:title\" content=\"LA FENICE: ESTILO, CALIDAD Y TRADICI\u00d3N CER\u00c1MICA - Materiales de Construcci\u00f3n Sanchez Carretero\" \/>\n<meta property=\"og:description\" content=\"Las nuevas series de suelos de La Fenice combinan elegancia, modernidad y unos colores y dise\u00f1os naturales que aportar\u00e1n frescura y sensaciones nuevas a tu piso. Aqu\u00ed puedes ver las nuevas novedades.\" \/>\n<meta property=\"og:url\" content=\"https:\/\/www.grupodcc3000.com\/asociado\/sanchezcarretero\/la-fenice-estilo-calidad-y-tradicion-ceramica\/\" \/>\n<meta property=\"og:site_name\" content=\"Materiales de Construcci\u00f3n Sanchez Carretero\" \/>\n<meta property=\"article:published_time\" content=\"2022-03-07T07:45:01+00:00\" \/>\n<meta property=\"article:modified_time\" content=\"2022-03-07T07:47:21+00:00\" \/>\n<meta property=\"og:image\" content=\"https:\/\/www.grupodcc3000.com\/asociado\/wp-content\/uploads\/2022\/03\/lafenice-azienda-01-1024x683-1.jpg\" \/>\n<meta name=\"author\" content=\"asociados\" \/>\n<meta name=\"twitter:card\" content=\"summary_large_image\" \/>\n<meta name=\"twitter:label1\" content=\"Escrito por\" \/>\n\t<meta name=\"twitter:data1\" content=\"asociados\" \/>\n\t<meta name=\"twitter:label2\" content=\"Tiempo de lectura\" \/>\n\t<meta name=\"twitter:data2\" content=\"2 minutos\" \/>\n<script type=\"application\/ld+json\" class=\"yoast-schema-graph\">{\"@context\":\"https:\/\/schema.org\",\"@graph\":[{\"@type\":\"Article\",\"@id\":\"https:\/\/www.grupodcc3000.com\/asociado\/sanchezcarretero\/la-fenice-estilo-calidad-y-tradicion-ceramica\/#article\",\"isPartOf\":{\"@id\":\"https:\/\/www.grupodcc3000.com\/asociado\/sanchezcarretero\/la-fenice-estilo-calidad-y-tradicion-ceramica\/\"},\"author\":{\"name\":\"asociados\",\"@id\":\"https:\/\/www.grupodcc3000.com\/asociado\/sanchezcarretero\/#\/schema\/person\/2b64f2e2bd240c328e3e8d0df54cd119\"},\"headline\":\"LA FENICE: ESTILO, CALIDAD Y TRADICI\u00d3N CER\u00c1MICA\",\"datePublished\":\"2022-03-07T07:45:01+00:00\",\"dateModified\":\"2022-03-07T07:47:21+00:00\",\"mainEntityOfPage\":{\"@id\":\"https:\/\/www.grupodcc3000.com\/asociado\/sanchezcarretero\/la-fenice-estilo-calidad-y-tradicion-ceramica\/\"},\"wordCount\":441,\"commentCount\":0,\"image\":{\"@id\":\"https:\/\/www.grupodcc3000.com\/asociado\/sanchezcarretero\/la-fenice-estilo-calidad-y-tradicion-ceramica\/#primaryimage\"},\"thumbnailUrl\":\"https:\/\/www.grupodcc3000.com\/asociado\/wp-content\/uploads\/2022\/03\/lafenice-azienda-01-1024x683-1.jpg\",\"inLanguage\":\"es\",\"potentialAction\":[{\"@type\":\"CommentAction\",\"name\":\"Comment\",\"target\":[\"https:\/\/www.grupodcc3000.com\/asociado\/sanchezcarretero\/la-fenice-estilo-calidad-y-tradicion-ceramica\/#respond\"]}]},{\"@type\":\"WebPage\",\"@id\":\"https:\/\/www.grupodcc3000.com\/asociado\/sanchezcarretero\/la-fenice-estilo-calidad-y-tradicion-ceramica\/\",\"url\":\"https:\/\/www.grupodcc3000.com\/asociado\/sanchezcarretero\/la-fenice-estilo-calidad-y-tradicion-ceramica\/\",\"name\":\"LA FENICE: ESTILO, CALIDAD Y TRADICI\u00d3N CER\u00c1MICA - Materiales de Construcci\u00f3n Sanchez Carretero\",\"isPartOf\":{\"@id\":\"https:\/\/www.grupodcc3000.com\/asociado\/sanchezcarretero\/#website\"},\"primaryImageOfPage\":{\"@id\":\"https:\/\/www.grupodcc3000.com\/asociado\/sanchezcarretero\/la-fenice-estilo-calidad-y-tradicion-ceramica\/#primaryimage\"},\"image\":{\"@id\":\"https:\/\/www.grupodcc3000.com\/asociado\/sanchezcarretero\/la-fenice-estilo-calidad-y-tradicion-ceramica\/#primaryimage\"},\"thumbnailUrl\":\"https:\/\/www.grupodcc3000.com\/asociado\/wp-content\/uploads\/2022\/03\/lafenice-azienda-01-1024x683-1.jpg\",\"datePublished\":\"2022-03-07T07:45:01+00:00\",\"dateModified\":\"2022-03-07T07:47:21+00:00\",\"author\":{\"@id\":\"https:\/\/www.grupodcc3000.com\/asociado\/sanchezcarretero\/#\/schema\/person\/2b64f2e2bd240c328e3e8d0df54cd119\"},\"breadcrumb\":{\"@id\":\"https:\/\/www.grupodcc3000.com\/asociado\/sanchezcarretero\/la-fenice-estilo-calidad-y-tradicion-ceramica\/#breadcrumb\"},\"inLanguage\":\"es\",\"potentialAction\":[{\"@type\":\"ReadAction\",\"target\":[\"https:\/\/www.grupodcc3000.com\/asociado\/sanchezcarretero\/la-fenice-estilo-calidad-y-tradicion-ceramica\/\"]}]},{\"@type\":\"ImageObject\",\"inLanguage\":\"es\",\"@id\":\"https:\/\/www.grupodcc3000.com\/asociado\/sanchezcarretero\/la-fenice-estilo-calidad-y-tradicion-ceramica\/#primaryimage\",\"url\":\"https:\/\/www.grupodcc3000.com\/asociado\/wp-content\/uploads\/2022\/03\/lafenice-azienda-01-1024x683-1.jpg\",\"contentUrl\":\"https:\/\/www.grupodcc3000.com\/asociado\/wp-content\/uploads\/2022\/03\/lafenice-azienda-01-1024x683-1.jpg\"},{\"@type\":\"BreadcrumbList\",\"@id\":\"https:\/\/www.grupodcc3000.com\/asociado\/sanchezcarretero\/la-fenice-estilo-calidad-y-tradicion-ceramica\/#breadcrumb\",\"itemListElement\":[{\"@type\":\"ListItem\",\"position\":1,\"name\":\"Portada\",\"item\":\"https:\/\/www.grupodcc3000.com\/asociado\/sanchezcarretero\/\"},{\"@type\":\"ListItem\",\"position\":2,\"name\":\"LA FENICE: ESTILO, CALIDAD Y TRADICI\u00d3N CER\u00c1MICA\"}]},{\"@type\":\"WebSite\",\"@id\":\"https:\/\/www.grupodcc3000.com\/asociado\/sanchezcarretero\/#website\",\"url\":\"https:\/\/www.grupodcc3000.com\/asociado\/sanchezcarretero\/\",\"name\":\"Materiales de Construcci\u00f3n Sanchez Carretero\",\"description\":\"Otro sitio m\u00e1s de Asociados GrupoDCC3000\",\"potentialAction\":[{\"@type\":\"SearchAction\",\"target\":{\"@type\":\"EntryPoint\",\"urlTemplate\":\"https:\/\/www.grupodcc3000.com\/asociado\/sanchezcarretero\/?s={search_term_string}\"},\"query-input\":{\"@type\":\"PropertyValueSpecification\",\"valueRequired\":true,\"valueName\":\"search_term_string\"}}],\"inLanguage\":\"es\"},{\"@type\":\"Person\",\"@id\":\"https:\/\/www.grupodcc3000.com\/asociado\/sanchezcarretero\/#\/schema\/person\/2b64f2e2bd240c328e3e8d0df54cd119\",\"name\":\"asociados\",\"image\":{\"@type\":\"ImageObject\",\"inLanguage\":\"es\",\"@id\":\"https:\/\/www.grupodcc3000.com\/asociado\/sanchezcarretero\/#\/schema\/person\/image\/\",\"url\":\"https:\/\/secure.gravatar.com\/avatar\/6b41fd62627be1e31dd70c283f3c5188b54fd100fda2f47adaaedb335e881254?s=96&d=mm&r=g\",\"contentUrl\":\"https:\/\/secure.gravatar.com\/avatar\/6b41fd62627be1e31dd70c283f3c5188b54fd100fda2f47adaaedb335e881254?s=96&d=mm&r=g\",\"caption\":\"asociados\"},\"url\":\"https:\/\/www.grupodcc3000.com\/asociado\/sanchezcarretero\/author\/asociados\/\"}]}<\/script>\n<!-- \/ Yoast SEO plugin. -->","yoast_head_json":{"title":"LA FENICE: ESTILO, CALIDAD Y TRADICI\u00d3N CER\u00c1MICA - Materiales de Construcci\u00f3n Sanchez Carretero","robots":{"index":"index","follow":"follow","max-snippet":"max-snippet:-1","max-image-preview":"max-image-preview:large","max-video-preview":"max-video-preview:-1"},"canonical":"https:\/\/www.grupodcc3000.com\/asociado\/sanchezcarretero\/la-fenice-estilo-calidad-y-tradicion-ceramica\/","og_locale":"es_ES","og_type":"article","og_title":"LA FENICE: ESTILO, CALIDAD Y TRADICI\u00d3N CER\u00c1MICA - Materiales de Construcci\u00f3n Sanchez Carretero","og_description":"Las nuevas series de suelos de La Fenice combinan elegancia, modernidad y unos colores y dise\u00f1os naturales que aportar\u00e1n frescura y sensaciones nuevas a tu piso. Aqu\u00ed puedes ver las nuevas novedades.","og_url":"https:\/\/www.grupodcc3000.com\/asociado\/sanchezcarretero\/la-fenice-estilo-calidad-y-tradicion-ceramica\/","og_site_name":"Materiales de Construcci\u00f3n Sanchez Carretero","article_published_time":"2022-03-07T07:45:01+00:00","article_modified_time":"2022-03-07T07:47:21+00:00","og_image":[{"url":"https:\/\/www.grupodcc3000.com\/asociado\/wp-content\/uploads\/2022\/03\/lafenice-azienda-01-1024x683-1.jpg","type":"","width":"","height":""}],"author":"asociados","twitter_card":"summary_large_image","twitter_misc":{"Escrito por":"asociados","Tiempo de lectura":"2 minutos"},"schema":{"@context":"https:\/\/schema.org","@graph":[{"@type":"Article","@id":"https:\/\/www.grupodcc3000.com\/asociado\/sanchezcarretero\/la-fenice-estilo-calidad-y-tradicion-ceramica\/#article","isPartOf":{"@id":"https:\/\/www.grupodcc3000.com\/asociado\/sanchezcarretero\/la-fenice-estilo-calidad-y-tradicion-ceramica\/"},"author":{"name":"asociados","@id":"https:\/\/www.grupodcc3000.com\/asociado\/sanchezcarretero\/#\/schema\/person\/2b64f2e2bd240c328e3e8d0df54cd119"},"headline":"LA FENICE: ESTILO, CALIDAD Y TRADICI\u00d3N CER\u00c1MICA","datePublished":"2022-03-07T07:45:01+00:00","dateModified":"2022-03-07T07:47:21+00:00","mainEntityOfPage":{"@id":"https:\/\/www.grupodcc3000.com\/asociado\/sanchezcarretero\/la-fenice-estilo-calidad-y-tradicion-ceramica\/"},"wordCount":441,"commentCount":0,"image":{"@id":"https:\/\/www.grupodcc3000.com\/asociado\/sanchezcarretero\/la-fenice-estilo-calidad-y-tradicion-ceramica\/#primaryimage"},"thumbnailUrl":"https:\/\/www.grupodcc3000.com\/asociado\/wp-content\/uploads\/2022\/03\/lafenice-azienda-01-1024x683-1.jpg","inLanguage":"es","potentialAction":[{"@type":"CommentAction","name":"Comment","target":["https:\/\/www.grupodcc3000.com\/asociado\/sanchezcarretero\/la-fenice-estilo-calidad-y-tradicion-ceramica\/#respond"]}]},{"@type":"WebPage","@id":"https:\/\/www.grupodcc3000.com\/asociado\/sanchezcarretero\/la-fenice-estilo-calidad-y-tradicion-ceramica\/","url":"https:\/\/www.grupodcc3000.com\/asociado\/sanchezcarretero\/la-fenice-estilo-calidad-y-tradicion-ceramica\/","name":"LA FENICE: ESTILO, CALIDAD Y TRADICI\u00d3N CER\u00c1MICA - Materiales de Construcci\u00f3n Sanchez Carretero","isPartOf":{"@id":"https:\/\/www.grupodcc3000.com\/asociado\/sanchezcarretero\/#website"},"primaryImageOfPage":{"@id":"https:\/\/www.grupodcc3000.com\/asociado\/sanchezcarretero\/la-fenice-estilo-calidad-y-tradicion-ceramica\/#primaryimage"},"image":{"@id":"https:\/\/www.grupodcc3000.com\/asociado\/sanchezcarretero\/la-fenice-estilo-calidad-y-tradicion-ceramica\/#primaryimage"},"thumbnailUrl":"https:\/\/www.grupodcc3000.com\/asociado\/wp-content\/uploads\/2022\/03\/lafenice-azienda-01-1024x683-1.jpg","datePublished":"2022-03-07T07:45:01+00:00","dateModified":"2022-03-07T07:47:21+00:00","author":{"@id":"https:\/\/www.grupodcc3000.com\/asociado\/sanchezcarretero\/#\/schema\/person\/2b64f2e2bd240c328e3e8d0df54cd119"},"breadcrumb":{"@id":"https:\/\/www.grupodcc3000.com\/asociado\/sanchezcarretero\/la-fenice-estilo-calidad-y-tradicion-ceramica\/#breadcrumb"},"inLanguage":"es","potentialAction":[{"@type":"ReadAction","target":["https:\/\/www.grupodcc3000.com\/asociado\/sanchezcarretero\/la-fenice-estilo-calidad-y-tradicion-ceramica\/"]}]},{"@type":"ImageObject","inLanguage":"es","@id":"https:\/\/www.grupodcc3000.com\/asociado\/sanchezcarretero\/la-fenice-estilo-calidad-y-tradicion-ceramica\/#primaryimage","url":"https:\/\/www.grupodcc3000.com\/asociado\/wp-content\/uploads\/2022\/03\/lafenice-azienda-01-1024x683-1.jpg","contentUrl":"https:\/\/www.grupodcc3000.com\/asociado\/wp-content\/uploads\/2022\/03\/lafenice-azienda-01-1024x683-1.jpg"},{"@type":"BreadcrumbList","@id":"https:\/\/www.grupodcc3000.com\/asociado\/sanchezcarretero\/la-fenice-estilo-calidad-y-tradicion-ceramica\/#breadcrumb","itemListElement":[{"@type":"ListItem","position":1,"name":"Portada","item":"https:\/\/www.grupodcc3000.com\/asociado\/sanchezcarretero\/"},{"@type":"ListItem","position":2,"name":"LA FENICE: ESTILO, CALIDAD Y TRADICI\u00d3N CER\u00c1MICA"}]},{"@type":"WebSite","@id":"https:\/\/www.grupodcc3000.com\/asociado\/sanchezcarretero\/#website","url":"https:\/\/www.grupodcc3000.com\/asociado\/sanchezcarretero\/","name":"Materiales de Construcci\u00f3n Sanchez Carretero","description":"Otro sitio m\u00e1s de Asociados GrupoDCC3000","potentialAction":[{"@type":"SearchAction","target":{"@type":"EntryPoint","urlTemplate":"https:\/\/www.grupodcc3000.com\/asociado\/sanchezcarretero\/?s={search_term_string}"},"query-input":{"@type":"PropertyValueSpecification","valueRequired":true,"valueName":"search_term_string"}}],"inLanguage":"es"},{"@type":"Person","@id":"https:\/\/www.grupodcc3000.com\/asociado\/sanchezcarretero\/#\/schema\/person\/2b64f2e2bd240c328e3e8d0df54cd119","name":"asociados","image":{"@type":"ImageObject","inLanguage":"es","@id":"https:\/\/www.grupodcc3000.com\/asociado\/sanchezcarretero\/#\/schema\/person\/image\/","url":"https:\/\/secure.gravatar.com\/avatar\/6b41fd62627be1e31dd70c283f3c5188b54fd100fda2f47adaaedb335e881254?s=96&d=mm&r=g","contentUrl":"https:\/\/secure.gravatar.com\/avatar\/6b41fd62627be1e31dd70c283f3c5188b54fd100fda2f47adaaedb335e881254?s=96&d=mm&r=g","caption":"asociados"},"url":"https:\/\/www.grupodcc3000.com\/asociado\/sanchezcarretero\/author\/asociados\/"}]}},"_links":{"self":[{"href":"https:\/\/www.grupodcc3000.com\/asociado\/sanchezcarretero\/wp-json\/wp\/v2\/posts\/2512","targetHints":{"allow":["GET"]}}],"collection":[{"href":"https:\/\/www.grupodcc3000.com\/asociado\/sanchezcarretero\/wp-json\/wp\/v2\/posts"}],"about":[{"href":"https:\/\/www.grupodcc3000.com\/asociado\/sanchezcarretero\/wp-json\/wp\/v2\/types\/post"}],"author":[{"embeddable":true,"href":"https:\/\/www.grupodcc3000.com\/asociado\/sanchezcarretero\/wp-json\/wp\/v2\/users\/4"}],"replies":[{"embeddable":true,"href":"https:\/\/www.grupodcc3000.com\/asociado\/sanchezcarretero\/wp-json\/wp\/v2\/comments?post=2512"}],"version-history":[{"count":0,"href":"https:\/\/www.grupodcc3000.com\/asociado\/sanchezcarretero\/wp-json\/wp\/v2\/posts\/2512\/revisions"}],"wp:attachment":[{"href":"https:\/\/www.grupodcc3000.com\/asociado\/sanchezcarretero\/wp-json\/wp\/v2\/media?parent=2512"}],"wp:term":[{"taxonomy":"category","embeddable":true,"href":"https:\/\/www.grupodcc3000.com\/asociado\/sanchezcarretero\/wp-json\/wp\/v2\/categories?post=2512"},{"taxonomy":"post_tag","embeddable":true,"href":"https:\/\/www.grupodcc3000.com\/asociado\/sanchezcarretero\/wp-json\/wp\/v2\/tags?post=2512"}],"curies":[{"name":"wp","href":"https:\/\/api.w.org\/{rel}","templated":true}]}}