{"id":1999,"date":"2020-08-02T12:43:28","date_gmt":"2020-08-02T10:43:28","guid":{"rendered":"https:\/\/www.grupodcc3000.com\/asociado\/sanchezmejias\/algunas-novedades-de-feria-cristal-ceramica-nuevos-formatos-boutique-2\/"},"modified":"2020-08-02T12:43:28","modified_gmt":"2020-08-02T10:43:28","slug":"algunas-novedades-de-feria-cristal-ceramica-nuevos-formatos-boutique-2","status":"publish","type":"post","link":"https:\/\/www.grupodcc3000.com\/asociado\/sanchezmejias\/algunas-novedades-de-feria-cristal-ceramica-nuevos-formatos-boutique-2\/","title":{"rendered":"Algunas novedades de feria cevisama 2020"},"content":{"rendered":"\n<p>Grandes formatos .. nuevas tendencias \u2026 busca entre nuestros fabricantes todas las novedades del sector.<\/p>\n\n\n\n<figure class=\"wp-block-gallery columns-3 is-cropped wp-block-gallery-1 is-layout-flex wp-block-gallery-is-layout-flex\"><ul class=\"blocks-gallery-grid\"><li class=\"blocks-gallery-item\"><figure><img decoding=\"async\" src=\"https:\/\/www.grupodcc3000.com\/asociado\/wp-content\/uploads\/2020\/02\/WhatsApp-Image-2020-02-05-at-21.53.551.jpeg\" alt=\"\" data-id=\"2372\" data-full-url=\"https:\/\/www.grupodcc3000.com\/asociado\/wp-content\/uploads\/2020\/02\/WhatsApp-Image-2020-02-05-at-21.53.551.jpeg\" data-link=\"https:\/\/www.grupodcc3000.com\/asociado\/?attachment_id=2372\" class=\"wp-image-2372\"\/><\/figure><\/li><li class=\"blocks-gallery-item\"><figure><img decoding=\"async\" src=\"https:\/\/www.grupodcc3000.com\/asociado\/wp-content\/uploads\/2020\/02\/WhatsApp-Image-2020-02-05-at-21.53.55.jpeg\" alt=\"\" data-id=\"2373\" data-full-url=\"https:\/\/www.grupodcc3000.com\/asociado\/wp-content\/uploads\/2020\/02\/WhatsApp-Image-2020-02-05-at-21.53.55.jpeg\" data-link=\"https:\/\/www.grupodcc3000.com\/asociado\/?attachment_id=2373\" class=\"wp-image-2373\"\/><\/figure><\/li><li class=\"blocks-gallery-item\"><figure><img decoding=\"async\" src=\"https:\/\/www.grupodcc3000.com\/asociado\/wp-content\/uploads\/2020\/02\/WhatsApp-Image-2020-02-05-at-21.54.151.jpeg\" alt=\"\" data-id=\"2374\" data-full-url=\"https:\/\/www.grupodcc3000.com\/asociado\/wp-content\/uploads\/2020\/02\/WhatsApp-Image-2020-02-05-at-21.54.151.jpeg\" data-link=\"https:\/\/www.grupodcc3000.com\/asociado\/?attachment_id=2374\" class=\"wp-image-2374\"\/><\/figure><\/li><li class=\"blocks-gallery-item\"><figure><img decoding=\"async\" src=\"https:\/\/www.grupodcc3000.com\/asociado\/wp-content\/uploads\/2020\/02\/WhatsApp-Image-2020-02-05-at-21.54.152.jpeg\" alt=\"\" data-id=\"2375\" data-full-url=\"https:\/\/www.grupodcc3000.com\/asociado\/wp-content\/uploads\/2020\/02\/WhatsApp-Image-2020-02-05-at-21.54.152.jpeg\" data-link=\"https:\/\/www.grupodcc3000.com\/asociado\/?attachment_id=2375\" class=\"wp-image-2375\"\/><\/figure><\/li><li class=\"blocks-gallery-item\"><figure><img decoding=\"async\" src=\"https:\/\/www.grupodcc3000.com\/asociado\/wp-content\/uploads\/2020\/02\/WhatsApp-Image-2020-02-05-at-21.54.153.jpeg\" alt=\"\" data-id=\"2376\" data-full-url=\"https:\/\/www.grupodcc3000.com\/asociado\/wp-content\/uploads\/2020\/02\/WhatsApp-Image-2020-02-05-at-21.54.153.jpeg\" data-link=\"https:\/\/www.grupodcc3000.com\/asociado\/?attachment_id=2376\" class=\"wp-image-2376\"\/><\/figure><\/li><li class=\"blocks-gallery-item\"><figure><img decoding=\"async\" src=\"https:\/\/www.grupodcc3000.com\/asociado\/wp-content\/uploads\/2020\/02\/WhatsApp-Image-2020-02-05-at-21.54.154.jpeg\" alt=\"\" data-id=\"2377\" data-full-url=\"https:\/\/www.grupodcc3000.com\/asociado\/wp-content\/uploads\/2020\/02\/WhatsApp-Image-2020-02-05-at-21.54.154.jpeg\" data-link=\"https:\/\/www.grupodcc3000.com\/asociado\/?attachment_id=2377\" class=\"wp-image-2377\"\/><\/figure><\/li><li class=\"blocks-gallery-item\"><figure><img decoding=\"async\" src=\"https:\/\/www.grupodcc3000.com\/asociado\/wp-content\/uploads\/2020\/02\/WhatsApp-Image-2020-02-05-at-21.54.155.jpeg\" alt=\"\" data-id=\"2378\" data-full-url=\"https:\/\/www.grupodcc3000.com\/asociado\/wp-content\/uploads\/2020\/02\/WhatsApp-Image-2020-02-05-at-21.54.155.jpeg\" data-link=\"https:\/\/www.grupodcc3000.com\/asociado\/?attachment_id=2378\" class=\"wp-image-2378\"\/><\/figure><\/li><li class=\"blocks-gallery-item\"><figure><img decoding=\"async\" src=\"https:\/\/www.grupodcc3000.com\/asociado\/wp-content\/uploads\/2020\/02\/WhatsApp-Image-2020-02-05-at-21.54.15.jpeg\" alt=\"\" data-id=\"2379\" data-full-url=\"https:\/\/www.grupodcc3000.com\/asociado\/wp-content\/uploads\/2020\/02\/WhatsApp-Image-2020-02-05-at-21.54.15.jpeg\" data-link=\"https:\/\/www.grupodcc3000.com\/asociado\/?attachment_id=2379\" class=\"wp-image-2379\"\/><\/figure><\/li><\/ul><\/figure>\n","protected":false},"excerpt":{"rendered":"<p>Grandes formatos .. nuevas tendencias \u2026 busca entre nuestros fabricantes todas las novedades del sector.<\/p>\n","protected":false},"author":4,"featured_media":1998,"comment_status":"open","ping_status":"open","sticky":false,"template":"","format":"standard","meta":{"_et_pb_use_builder":"off","_et_pb_old_content":"","_et_gb_content_width":"","footnotes":""},"categories":[56],"tags":[54,55],"class_list":["post-1999","post","type-post","status-publish","format-standard","has-post-thumbnail","hentry","category-ceramica","tag-azulejos","tag-ceramcia"],"yoast_head":"<!-- This site is optimized with the Yoast SEO plugin v27.1.1 - https:\/\/yoast.com\/product\/yoast-seo-wordpress\/ -->\n<title>Algunas novedades de feria cevisama 2020 - Materiales de Construcci\u00f3n Francisco S\u00e1nchez Mej\u00edas<\/title>\n<meta name=\"robots\" content=\"index, follow, max-snippet:-1, max-image-preview:large, max-video-preview:-1\" \/>\n<link rel=\"canonical\" href=\"https:\/\/www.grupodcc3000.com\/asociado\/sanchezmejias\/algunas-novedades-de-feria-cristal-ceramica-nuevos-formatos-boutique-2\/\" \/>\n<meta property=\"og:locale\" content=\"es_ES\" \/>\n<meta property=\"og:type\" content=\"article\" \/>\n<meta property=\"og:title\" content=\"Algunas novedades de feria cevisama 2020 - Materiales de Construcci\u00f3n Francisco S\u00e1nchez Mej\u00edas\" \/>\n<meta property=\"og:description\" content=\"Grandes formatos .. nuevas tendencias \u2026 busca entre nuestros fabricantes todas las novedades del sector.\" \/>\n<meta property=\"og:url\" content=\"https:\/\/www.grupodcc3000.com\/asociado\/sanchezmejias\/algunas-novedades-de-feria-cristal-ceramica-nuevos-formatos-boutique-2\/\" \/>\n<meta property=\"og:site_name\" content=\"Materiales de Construcci\u00f3n Francisco S\u00e1nchez Mej\u00edas\" \/>\n<meta property=\"article:published_time\" content=\"2020-08-02T10:43:28+00:00\" \/>\n<meta property=\"og:image\" content=\"https:\/\/www.grupodcc3000.com\/asociado\/sanchezmejias\/wp-content\/uploads\/sites\/16\/2020\/07\/bisel-10x20-ambiente-02.jpg\" \/>\n\t<meta property=\"og:image:width\" content=\"1\" \/>\n\t<meta property=\"og:image:height\" content=\"1\" \/>\n\t<meta property=\"og:image:type\" content=\"image\/jpeg\" \/>\n<meta name=\"author\" content=\"asociados\" \/>\n<meta name=\"twitter:card\" content=\"summary_large_image\" \/>\n<meta name=\"twitter:label1\" content=\"Escrito por\" \/>\n\t<meta name=\"twitter:data1\" content=\"asociados\" \/>\n<script type=\"application\/ld+json\" class=\"yoast-schema-graph\">{\"@context\":\"https:\/\/schema.org\",\"@graph\":[{\"@type\":\"Article\",\"@id\":\"https:\/\/www.grupodcc3000.com\/asociado\/sanchezmejias\/algunas-novedades-de-feria-cristal-ceramica-nuevos-formatos-boutique-2\/#article\",\"isPartOf\":{\"@id\":\"https:\/\/www.grupodcc3000.com\/asociado\/sanchezmejias\/algunas-novedades-de-feria-cristal-ceramica-nuevos-formatos-boutique-2\/\"},\"author\":{\"name\":\"asociados\",\"@id\":\"https:\/\/www.grupodcc3000.com\/asociado\/sanchezmejias\/#\/schema\/person\/2b64f2e2bd240c328e3e8d0df54cd119\"},\"headline\":\"Algunas novedades de feria cevisama 2020\",\"datePublished\":\"2020-08-02T10:43:28+00:00\",\"mainEntityOfPage\":{\"@id\":\"https:\/\/www.grupodcc3000.com\/asociado\/sanchezmejias\/algunas-novedades-de-feria-cristal-ceramica-nuevos-formatos-boutique-2\/\"},\"wordCount\":18,\"commentCount\":0,\"image\":{\"@id\":\"https:\/\/www.grupodcc3000.com\/asociado\/sanchezmejias\/algunas-novedades-de-feria-cristal-ceramica-nuevos-formatos-boutique-2\/#primaryimage\"},\"thumbnailUrl\":\"https:\/\/www.grupodcc3000.com\/asociado\/sanchezmejias\/wp-content\/uploads\/sites\/16\/2020\/07\/bisel-10x20-ambiente-02.jpg\",\"keywords\":[\"AZULEJOS\",\"CERAMCIA\"],\"articleSection\":[\"CERAMICA\"],\"inLanguage\":\"es\",\"potentialAction\":[{\"@type\":\"CommentAction\",\"name\":\"Comment\",\"target\":[\"https:\/\/www.grupodcc3000.com\/asociado\/sanchezmejias\/algunas-novedades-de-feria-cristal-ceramica-nuevos-formatos-boutique-2\/#respond\"]}]},{\"@type\":\"WebPage\",\"@id\":\"https:\/\/www.grupodcc3000.com\/asociado\/sanchezmejias\/algunas-novedades-de-feria-cristal-ceramica-nuevos-formatos-boutique-2\/\",\"url\":\"https:\/\/www.grupodcc3000.com\/asociado\/sanchezmejias\/algunas-novedades-de-feria-cristal-ceramica-nuevos-formatos-boutique-2\/\",\"name\":\"Algunas novedades de feria cevisama 2020 - Materiales de Construcci\u00f3n Francisco S\u00e1nchez Mej\u00edas\",\"isPartOf\":{\"@id\":\"https:\/\/www.grupodcc3000.com\/asociado\/sanchezmejias\/#website\"},\"primaryImageOfPage\":{\"@id\":\"https:\/\/www.grupodcc3000.com\/asociado\/sanchezmejias\/algunas-novedades-de-feria-cristal-ceramica-nuevos-formatos-boutique-2\/#primaryimage\"},\"image\":{\"@id\":\"https:\/\/www.grupodcc3000.com\/asociado\/sanchezmejias\/algunas-novedades-de-feria-cristal-ceramica-nuevos-formatos-boutique-2\/#primaryimage\"},\"thumbnailUrl\":\"https:\/\/www.grupodcc3000.com\/asociado\/sanchezmejias\/wp-content\/uploads\/sites\/16\/2020\/07\/bisel-10x20-ambiente-02.jpg\",\"datePublished\":\"2020-08-02T10:43:28+00:00\",\"author\":{\"@id\":\"https:\/\/www.grupodcc3000.com\/asociado\/sanchezmejias\/#\/schema\/person\/2b64f2e2bd240c328e3e8d0df54cd119\"},\"breadcrumb\":{\"@id\":\"https:\/\/www.grupodcc3000.com\/asociado\/sanchezmejias\/algunas-novedades-de-feria-cristal-ceramica-nuevos-formatos-boutique-2\/#breadcrumb\"},\"inLanguage\":\"es\",\"potentialAction\":[{\"@type\":\"ReadAction\",\"target\":[\"https:\/\/www.grupodcc3000.com\/asociado\/sanchezmejias\/algunas-novedades-de-feria-cristal-ceramica-nuevos-formatos-boutique-2\/\"]}]},{\"@type\":\"ImageObject\",\"inLanguage\":\"es\",\"@id\":\"https:\/\/www.grupodcc3000.com\/asociado\/sanchezmejias\/algunas-novedades-de-feria-cristal-ceramica-nuevos-formatos-boutique-2\/#primaryimage\",\"url\":\"https:\/\/www.grupodcc3000.com\/asociado\/sanchezmejias\/wp-content\/uploads\/sites\/16\/2020\/07\/bisel-10x20-ambiente-02.jpg\",\"contentUrl\":\"https:\/\/www.grupodcc3000.com\/asociado\/sanchezmejias\/wp-content\/uploads\/sites\/16\/2020\/07\/bisel-10x20-ambiente-02.jpg\"},{\"@type\":\"BreadcrumbList\",\"@id\":\"https:\/\/www.grupodcc3000.com\/asociado\/sanchezmejias\/algunas-novedades-de-feria-cristal-ceramica-nuevos-formatos-boutique-2\/#breadcrumb\",\"itemListElement\":[{\"@type\":\"ListItem\",\"position\":1,\"name\":\"Portada\",\"item\":\"https:\/\/www.grupodcc3000.com\/asociado\/sanchezmejias\/\"},{\"@type\":\"ListItem\",\"position\":2,\"name\":\"Algunas novedades de feria cevisama 2020\"}]},{\"@type\":\"WebSite\",\"@id\":\"https:\/\/www.grupodcc3000.com\/asociado\/sanchezmejias\/#website\",\"url\":\"https:\/\/www.grupodcc3000.com\/asociado\/sanchezmejias\/\",\"name\":\"Materiales de Construcci\u00f3n Francisco S\u00e1nchez Mej\u00edas\",\"description\":\"Otro sitio m\u00e1s de Asociados GrupoDCC3000\",\"potentialAction\":[{\"@type\":\"SearchAction\",\"target\":{\"@type\":\"EntryPoint\",\"urlTemplate\":\"https:\/\/www.grupodcc3000.com\/asociado\/sanchezmejias\/?s={search_term_string}\"},\"query-input\":{\"@type\":\"PropertyValueSpecification\",\"valueRequired\":true,\"valueName\":\"search_term_string\"}}],\"inLanguage\":\"es\"},{\"@type\":\"Person\",\"@id\":\"https:\/\/www.grupodcc3000.com\/asociado\/sanchezmejias\/#\/schema\/person\/2b64f2e2bd240c328e3e8d0df54cd119\",\"name\":\"asociados\",\"image\":{\"@type\":\"ImageObject\",\"inLanguage\":\"es\",\"@id\":\"https:\/\/www.grupodcc3000.com\/asociado\/sanchezmejias\/#\/schema\/person\/image\/\",\"url\":\"https:\/\/secure.gravatar.com\/avatar\/6b41fd62627be1e31dd70c283f3c5188b54fd100fda2f47adaaedb335e881254?s=96&d=mm&r=g\",\"contentUrl\":\"https:\/\/secure.gravatar.com\/avatar\/6b41fd62627be1e31dd70c283f3c5188b54fd100fda2f47adaaedb335e881254?s=96&d=mm&r=g\",\"caption\":\"asociados\"},\"url\":\"https:\/\/www.grupodcc3000.com\/asociado\/sanchezmejias\/author\/asociados\/\"}]}<\/script>\n<!-- \/ Yoast SEO plugin. -->","yoast_head_json":{"title":"Algunas novedades de feria cevisama 2020 - Materiales de Construcci\u00f3n Francisco S\u00e1nchez Mej\u00edas","robots":{"index":"index","follow":"follow","max-snippet":"max-snippet:-1","max-image-preview":"max-image-preview:large","max-video-preview":"max-video-preview:-1"},"canonical":"https:\/\/www.grupodcc3000.com\/asociado\/sanchezmejias\/algunas-novedades-de-feria-cristal-ceramica-nuevos-formatos-boutique-2\/","og_locale":"es_ES","og_type":"article","og_title":"Algunas novedades de feria cevisama 2020 - Materiales de Construcci\u00f3n Francisco S\u00e1nchez Mej\u00edas","og_description":"Grandes formatos .. nuevas tendencias \u2026 busca entre nuestros fabricantes todas las novedades del sector.","og_url":"https:\/\/www.grupodcc3000.com\/asociado\/sanchezmejias\/algunas-novedades-de-feria-cristal-ceramica-nuevos-formatos-boutique-2\/","og_site_name":"Materiales de Construcci\u00f3n Francisco S\u00e1nchez Mej\u00edas","article_published_time":"2020-08-02T10:43:28+00:00","og_image":[{"url":"https:\/\/www.grupodcc3000.com\/asociado\/sanchezmejias\/wp-content\/uploads\/sites\/16\/2020\/07\/bisel-10x20-ambiente-02.jpg","width":1,"height":1,"type":"image\/jpeg"}],"author":"asociados","twitter_card":"summary_large_image","twitter_misc":{"Escrito por":"asociados"},"schema":{"@context":"https:\/\/schema.org","@graph":[{"@type":"Article","@id":"https:\/\/www.grupodcc3000.com\/asociado\/sanchezmejias\/algunas-novedades-de-feria-cristal-ceramica-nuevos-formatos-boutique-2\/#article","isPartOf":{"@id":"https:\/\/www.grupodcc3000.com\/asociado\/sanchezmejias\/algunas-novedades-de-feria-cristal-ceramica-nuevos-formatos-boutique-2\/"},"author":{"name":"asociados","@id":"https:\/\/www.grupodcc3000.com\/asociado\/sanchezmejias\/#\/schema\/person\/2b64f2e2bd240c328e3e8d0df54cd119"},"headline":"Algunas novedades de feria cevisama 2020","datePublished":"2020-08-02T10:43:28+00:00","mainEntityOfPage":{"@id":"https:\/\/www.grupodcc3000.com\/asociado\/sanchezmejias\/algunas-novedades-de-feria-cristal-ceramica-nuevos-formatos-boutique-2\/"},"wordCount":18,"commentCount":0,"image":{"@id":"https:\/\/www.grupodcc3000.com\/asociado\/sanchezmejias\/algunas-novedades-de-feria-cristal-ceramica-nuevos-formatos-boutique-2\/#primaryimage"},"thumbnailUrl":"https:\/\/www.grupodcc3000.com\/asociado\/sanchezmejias\/wp-content\/uploads\/sites\/16\/2020\/07\/bisel-10x20-ambiente-02.jpg","keywords":["AZULEJOS","CERAMCIA"],"articleSection":["CERAMICA"],"inLanguage":"es","potentialAction":[{"@type":"CommentAction","name":"Comment","target":["https:\/\/www.grupodcc3000.com\/asociado\/sanchezmejias\/algunas-novedades-de-feria-cristal-ceramica-nuevos-formatos-boutique-2\/#respond"]}]},{"@type":"WebPage","@id":"https:\/\/www.grupodcc3000.com\/asociado\/sanchezmejias\/algunas-novedades-de-feria-cristal-ceramica-nuevos-formatos-boutique-2\/","url":"https:\/\/www.grupodcc3000.com\/asociado\/sanchezmejias\/algunas-novedades-de-feria-cristal-ceramica-nuevos-formatos-boutique-2\/","name":"Algunas novedades de feria cevisama 2020 - Materiales de Construcci\u00f3n Francisco S\u00e1nchez Mej\u00edas","isPartOf":{"@id":"https:\/\/www.grupodcc3000.com\/asociado\/sanchezmejias\/#website"},"primaryImageOfPage":{"@id":"https:\/\/www.grupodcc3000.com\/asociado\/sanchezmejias\/algunas-novedades-de-feria-cristal-ceramica-nuevos-formatos-boutique-2\/#primaryimage"},"image":{"@id":"https:\/\/www.grupodcc3000.com\/asociado\/sanchezmejias\/algunas-novedades-de-feria-cristal-ceramica-nuevos-formatos-boutique-2\/#primaryimage"},"thumbnailUrl":"https:\/\/www.grupodcc3000.com\/asociado\/sanchezmejias\/wp-content\/uploads\/sites\/16\/2020\/07\/bisel-10x20-ambiente-02.jpg","datePublished":"2020-08-02T10:43:28+00:00","author":{"@id":"https:\/\/www.grupodcc3000.com\/asociado\/sanchezmejias\/#\/schema\/person\/2b64f2e2bd240c328e3e8d0df54cd119"},"breadcrumb":{"@id":"https:\/\/www.grupodcc3000.com\/asociado\/sanchezmejias\/algunas-novedades-de-feria-cristal-ceramica-nuevos-formatos-boutique-2\/#breadcrumb"},"inLanguage":"es","potentialAction":[{"@type":"ReadAction","target":["https:\/\/www.grupodcc3000.com\/asociado\/sanchezmejias\/algunas-novedades-de-feria-cristal-ceramica-nuevos-formatos-boutique-2\/"]}]},{"@type":"ImageObject","inLanguage":"es","@id":"https:\/\/www.grupodcc3000.com\/asociado\/sanchezmejias\/algunas-novedades-de-feria-cristal-ceramica-nuevos-formatos-boutique-2\/#primaryimage","url":"https:\/\/www.grupodcc3000.com\/asociado\/sanchezmejias\/wp-content\/uploads\/sites\/16\/2020\/07\/bisel-10x20-ambiente-02.jpg","contentUrl":"https:\/\/www.grupodcc3000.com\/asociado\/sanchezmejias\/wp-content\/uploads\/sites\/16\/2020\/07\/bisel-10x20-ambiente-02.jpg"},{"@type":"BreadcrumbList","@id":"https:\/\/www.grupodcc3000.com\/asociado\/sanchezmejias\/algunas-novedades-de-feria-cristal-ceramica-nuevos-formatos-boutique-2\/#breadcrumb","itemListElement":[{"@type":"ListItem","position":1,"name":"Portada","item":"https:\/\/www.grupodcc3000.com\/asociado\/sanchezmejias\/"},{"@type":"ListItem","position":2,"name":"Algunas novedades de feria cevisama 2020"}]},{"@type":"WebSite","@id":"https:\/\/www.grupodcc3000.com\/asociado\/sanchezmejias\/#website","url":"https:\/\/www.grupodcc3000.com\/asociado\/sanchezmejias\/","name":"Materiales de Construcci\u00f3n Francisco S\u00e1nchez Mej\u00edas","description":"Otro sitio m\u00e1s de Asociados GrupoDCC3000","potentialAction":[{"@type":"SearchAction","target":{"@type":"EntryPoint","urlTemplate":"https:\/\/www.grupodcc3000.com\/asociado\/sanchezmejias\/?s={search_term_string}"},"query-input":{"@type":"PropertyValueSpecification","valueRequired":true,"valueName":"search_term_string"}}],"inLanguage":"es"},{"@type":"Person","@id":"https:\/\/www.grupodcc3000.com\/asociado\/sanchezmejias\/#\/schema\/person\/2b64f2e2bd240c328e3e8d0df54cd119","name":"asociados","image":{"@type":"ImageObject","inLanguage":"es","@id":"https:\/\/www.grupodcc3000.com\/asociado\/sanchezmejias\/#\/schema\/person\/image\/","url":"https:\/\/secure.gravatar.com\/avatar\/6b41fd62627be1e31dd70c283f3c5188b54fd100fda2f47adaaedb335e881254?s=96&d=mm&r=g","contentUrl":"https:\/\/secure.gravatar.com\/avatar\/6b41fd62627be1e31dd70c283f3c5188b54fd100fda2f47adaaedb335e881254?s=96&d=mm&r=g","caption":"asociados"},"url":"https:\/\/www.grupodcc3000.com\/asociado\/sanchezmejias\/author\/asociados\/"}]}},"_links":{"self":[{"href":"https:\/\/www.grupodcc3000.com\/asociado\/sanchezmejias\/wp-json\/wp\/v2\/posts\/1999","targetHints":{"allow":["GET"]}}],"collection":[{"href":"https:\/\/www.grupodcc3000.com\/asociado\/sanchezmejias\/wp-json\/wp\/v2\/posts"}],"about":[{"href":"https:\/\/www.grupodcc3000.com\/asociado\/sanchezmejias\/wp-json\/wp\/v2\/types\/post"}],"author":[{"embeddable":true,"href":"https:\/\/www.grupodcc3000.com\/asociado\/sanchezmejias\/wp-json\/wp\/v2\/users\/4"}],"replies":[{"embeddable":true,"href":"https:\/\/www.grupodcc3000.com\/asociado\/sanchezmejias\/wp-json\/wp\/v2\/comments?post=1999"}],"version-history":[{"count":1,"href":"https:\/\/www.grupodcc3000.com\/asociado\/sanchezmejias\/wp-json\/wp\/v2\/posts\/1999\/revisions"}],"predecessor-version":[{"id":2000,"href":"https:\/\/www.grupodcc3000.com\/asociado\/sanchezmejias\/wp-json\/wp\/v2\/posts\/1999\/revisions\/2000"}],"wp:featuredmedia":[{"embeddable":true,"href":"https:\/\/www.grupodcc3000.com\/asociado\/sanchezmejias\/wp-json\/wp\/v2\/media\/1998"}],"wp:attachment":[{"href":"https:\/\/www.grupodcc3000.com\/asociado\/sanchezmejias\/wp-json\/wp\/v2\/media?parent=1999"}],"wp:term":[{"taxonomy":"category","embeddable":true,"href":"https:\/\/www.grupodcc3000.com\/asociado\/sanchezmejias\/wp-json\/wp\/v2\/categories?post=1999"},{"taxonomy":"post_tag","embeddable":true,"href":"https:\/\/www.grupodcc3000.com\/asociado\/sanchezmejias\/wp-json\/wp\/v2\/tags?post=1999"}],"curies":[{"name":"wp","href":"https:\/\/api.w.org\/{rel}","templated":true}]}}