{"id":3205,"date":"2022-03-31T17:46:24","date_gmt":"2022-03-31T15:46:24","guid":{"rendered":"https:\/\/www.grupodcc3000.com\/asociado\/sanchezmejias\/faura-articulos-para-tu-jardin-reforma-tu-parcela-con-productos-de-calidad\/"},"modified":"2022-03-31T17:49:43","modified_gmt":"2022-03-31T15:49:43","slug":"faura-articulos-para-tu-jardin-reforma-tu-parcela-con-productos-de-calidad","status":"publish","type":"post","link":"https:\/\/www.grupodcc3000.com\/asociado\/sanchezmejias\/faura-articulos-para-tu-jardin-reforma-tu-parcela-con-productos-de-calidad\/","title":{"rendered":"REFORMA TU JARD\u00cdN GRACIAS A LOS  ARTICULOS DE CALIDAD DE FAURA"},"content":{"rendered":"\n<h3 class=\"wp-block-heading\">Faura: art\u00edculos para tu jard\u00edn, una empresa con m\u00e1s de 50 a\u00f1os en el sector<\/h3>\n\n\n\n<p>C<strong><a href=\"http:\/\/www.cfaura.com\/\">a\u00f1izos Faura, S.L<\/a><\/strong>. es una empresa familiar que empez\u00f3 su andadura en los a\u00f1os 70 como fabricante de rollos de Ca\u00f1izo Natural, lo que les hace ser una de las empresas pioneras de este sector. Con los a\u00f1os y atendiendo a las necesidades del mercado y su propia tendencia de crecimiento, fue incorporando art\u00edculos relacionados con el Garden. Faura: art\u00edculos para tu jard\u00edn<\/p>\n\n\n\n<div class=\"wp-block-image is-style-rounded\"><figure class=\"aligncenter size-large is-resized\"><img decoding=\"async\" src=\"https:\/\/www.grupodcc3000.com\/asociado\/wp-content\/uploads\/2022\/03\/DSC_6338_faura-1024x683.jpg\" alt=\"Ca\u00f1izos Faura, S.L.\" class=\"wp-image-5014\" width=\"834\"\/><figcaption><strong>Ca\u00f1izos Faura, S.L.<\/strong><\/figcaption><\/figure><\/div>\n\n\n\n<p class=\"has-small-font-size\"><strong>Faura: art\u00edculos para tu jard\u00edn<\/strong><\/p>\n\n\n\n<p><strong>Ca\u00f1izos Fa<a href=\"http:\/\/www.cfaura.com\/\">ura, S.L.<\/a> es una empresa conocedora de las condiciones del sector, por lo que d\u00eda a d\u00eda, trabaja con la mayor exigencia, compromiso y profesionalidad, para hacer llegar a sus clientes, los productos demandados, y a ser posible, excediendo sus expectativas de compra<\/strong>.<\/p>\n\n\n\n<figure class=\"wp-block-image size-large\"><img decoding=\"async\" src=\"https:\/\/www.grupodcc3000.com\/asociado\/wp-content\/uploads\/2022\/03\/DSC7810-1_opt-1024x268.jpg\" alt=\"\" class=\"wp-image-5015\"\/><\/figure>\n\n\n\n<p>En la actualidad, cuentan con el reconocimiento nacional e internacional de su empresa por su compromiso y profesionalidad, y la notoriedad de la&nbsp;<strong>marca FAURA<\/strong>&nbsp;en los distintos sectores del mercado como son el del&nbsp;<strong>bricolaje, ferreteria, garden, construcci\u00f3n, decoraci\u00f3n, etc.<\/strong>&nbsp;<\/p>\n\n\n\n<p>Todo ello, gracias al&nbsp;trabajo de todo su equipo, que desarrolla con la mayor exigencia, compromiso y profesionalidad para todos sus clientes.<\/p>\n\n\n\n<p>Sus art\u00edculos est\u00e1n destinados a cubrir la demanda de distintos sectores como&nbsp;<strong>complementos de jardiner\u00eda, decoraci\u00f3n, cerramientos, sombrajes, c\u00e9sped artificial, mobiliario, madera, construcci\u00f3n, etc.<\/strong>&nbsp;<\/p>\n\n\n\n<p>Su constante es c<strong>alidad de producto, flexibilidad de precio, agilidad en el servicio e innovaci\u00f3n tenaz<\/strong>; por lo que el objetivo es avanzar y crecer firmemente ampliando mercados en terreno nacional e internacional.<\/p>\n\n\n\n<figure class=\"wp-block-gallery has-nested-images columns-default is-cropped wp-block-gallery-1 is-layout-flex wp-block-gallery-is-layout-flex\">\n<figure class=\"wp-block-image size-large\"><img decoding=\"async\" data-id=\"5017\" src=\"https:\/\/www.grupodcc3000.com\/asociado\/wp-content\/uploads\/2022\/03\/thumb_bordura-lisa-tintada-faura.jpg\" alt=\"\" class=\"wp-image-5017\"\/><\/figure>\n\n\n\n<figure class=\"wp-block-image size-large\"><img decoding=\"async\" data-id=\"5016\" src=\"https:\/\/www.grupodcc3000.com\/asociado\/wp-content\/uploads\/2022\/03\/thumb_seto-tricolor-faura.jpg\" alt=\"\" class=\"wp-image-5016\"\/><\/figure>\n\n\n\n<figure class=\"wp-block-image size-large\"><img decoding=\"async\" data-id=\"5018\" src=\"https:\/\/www.grupodcc3000.com\/asociado\/wp-content\/uploads\/2022\/03\/thumb_ocultacion-artificial-faura.jpg\" alt=\"\" class=\"wp-image-5018\"\/><\/figure>\n<\/figure>\n\n\n\n<p class=\"has-small-font-size\"><strong>Faura: art\u00edculos para tu jard\u00edn<\/strong><\/p>\n\n\n\n<p>Disponen de grandes instalaciones e infraestructuras, adem\u00e1s de transportes propios y ajenos (agencias), que garantizan el \u00e9xito en el entramado log\u00edstico de su empresa. <\/p>\n\n\n\n<p>Para la consecuci\u00f3n de sus objetivos investigan y desarrollan todas y cada una de las propuestas&nbsp; que les hacen llegar sus colaboradores; y las trasladan a sus proveedores, que los apoyan con su asesoramiento t\u00e9cnico y proponen soluciones innovadoras en toda la gama de productos con el fin de superar las expectativas de compras de los clientes.<\/p>\n\n\n\n<p>Entre sus productos tienen una gran variedad de <a href=\"http:\/\/www.cfaura.com\/index.php?mact=Gallery,cntnt01,default,1&amp;cntnt01dir=Catalogo%2FCesped-Artificial%2F&amp;cntnt01returnid=59&amp;page=59\">c\u00e9sped artificial<\/a> id\u00f3neo para instalaciones en jardines y uso en proyectos de paisajismo, el nuevo modelo<a href=\"http:\/\/www.cfaura.com\/index.php?mact=Gallery,cntnt01,default,1&amp;cntnt01dir=Catalogo%2FCesped-Artificial%2FC%25C3%2589SPED%2520MIAMI%252035%2520mm%2F&amp;cntnt01returnid=59&amp;page=59\"> Miami <\/a>ofrece unas caracter\u00edsticas inmejorables en calidad y resistencia.<\/p>\n\n\n\n<div class=\"wp-block-image is-style-rounded\"><figure class=\"aligncenter size-medium\"><img decoding=\"async\" src=\"https:\/\/www.grupodcc3000.com\/asociado\/wp-content\/uploads\/2022\/03\/Sin-titulo-300x155.png\" alt=\"\" class=\"wp-image-5023\"\/><\/figure><\/div>\n\n\n\n<p>Adem\u00e1s, sus mallas de sombreo y ocultaci\u00f3n fabricadas con materias primas son de primera calidad y alta tecnolog\u00eda. Duraderas y de f\u00e1cil montaje. Disponen de diferentes colores.<\/p>\n\n\n\n<figure class=\"wp-block-gallery has-nested-images columns-default is-cropped wp-block-gallery-2 is-layout-flex wp-block-gallery-is-layout-flex\">\n<figure class=\"wp-block-image size-large\"><img decoding=\"async\" data-id=\"5024\" src=\"https:\/\/www.grupodcc3000.com\/asociado\/wp-content\/uploads\/2022\/03\/thumb_faura-malla-antracita-120-gr.jpg\" alt=\"\" class=\"wp-image-5024\"\/><\/figure>\n\n\n\n<figure class=\"wp-block-image size-large\"><img decoding=\"async\" data-id=\"5025\" src=\"https:\/\/www.grupodcc3000.com\/asociado\/wp-content\/uploads\/2022\/03\/thumb_faura-malla-verde-160-gr.jpg\" alt=\"\" class=\"wp-image-5025\"\/><\/figure>\n\n\n\n<figure class=\"wp-block-image size-large\"><img decoding=\"async\" data-id=\"5026\" src=\"https:\/\/www.grupodcc3000.com\/asociado\/wp-content\/uploads\/2022\/03\/thumb_faura-malla-marron160-gr.jpg\" alt=\"\" class=\"wp-image-5026\"\/><\/figure>\n<\/figure>\n\n\n\n<p><strong>Faura: art\u00edculos para tu jard\u00edn<\/strong><\/p>\n\n\n\n<p>Todo esto y mucho m\u00e1s podr\u00e1s encontrarlo en su <a href=\"http:\/\/www.cfaura.com\/\">p\u00e1gina web<\/a>.  Gracias a <a href=\"https:\/\/www.grupodcc3000.com\/\" target=\"_blank\" rel=\"noreferrer noopener\">Grupo Dcc 3000<\/a> tenemos en nuestro almac\u00e9n a proveedores de gran excelencia. Contacta con nosotros<strong>, estaremos encantados de recibirte<\/strong> para ofrecerte m\u00e1s informaci\u00f3n. Todo esto y mucho m\u00e1s, podr\u00e1s encontrarlo en nuestro almac\u00e9n.<\/p>\n","protected":false},"excerpt":{"rendered":"<p>Ca\u00f1izos Faura: art\u00edculos relacionados con el Garden, una empresa con m\u00e1s de 50 a\u00f1os en el sector.<\/p>\n","protected":false},"author":4,"featured_media":0,"comment_status":"open","ping_status":"open","sticky":false,"template":"","format":"standard","meta":{"_et_pb_use_builder":"","_et_pb_old_content":"","_et_gb_content_width":"","footnotes":""},"categories":[1],"tags":[],"class_list":["post-3205","post","type-post","status-publish","format-standard","hentry","category-sin-categoria"],"yoast_head":"<!-- This site is optimized with the Yoast SEO plugin v27.1.1 - https:\/\/yoast.com\/product\/yoast-seo-wordpress\/ -->\n<title>REFORMA TU JARD\u00cdN GRACIAS A LOS ARTICULOS DE CALIDAD DE FAURA - Materiales de Construcci\u00f3n Francisco S\u00e1nchez Mej\u00edas<\/title>\n<meta name=\"robots\" content=\"index, follow, max-snippet:-1, max-image-preview:large, max-video-preview:-1\" \/>\n<link rel=\"canonical\" href=\"https:\/\/www.grupodcc3000.com\/asociado\/sanchezmejias\/faura-articulos-para-tu-jardin-reforma-tu-parcela-con-productos-de-calidad\/\" \/>\n<meta property=\"og:locale\" content=\"es_ES\" \/>\n<meta property=\"og:type\" content=\"article\" \/>\n<meta property=\"og:title\" content=\"REFORMA TU JARD\u00cdN GRACIAS A LOS ARTICULOS DE CALIDAD DE FAURA - Materiales de Construcci\u00f3n Francisco S\u00e1nchez Mej\u00edas\" \/>\n<meta property=\"og:description\" content=\"Ca\u00f1izos Faura: art\u00edculos relacionados con el Garden, una empresa con m\u00e1s de 50 a\u00f1os en el sector.\" \/>\n<meta property=\"og:url\" content=\"https:\/\/www.grupodcc3000.com\/asociado\/sanchezmejias\/faura-articulos-para-tu-jardin-reforma-tu-parcela-con-productos-de-calidad\/\" \/>\n<meta property=\"og:site_name\" content=\"Materiales de Construcci\u00f3n Francisco S\u00e1nchez Mej\u00edas\" \/>\n<meta property=\"article:published_time\" content=\"2022-03-31T15:46:24+00:00\" \/>\n<meta property=\"article:modified_time\" content=\"2022-03-31T15:49:43+00:00\" \/>\n<meta property=\"og:image\" content=\"https:\/\/www.grupodcc3000.com\/asociado\/wp-content\/uploads\/2022\/03\/DSC_6338_faura-1024x683.jpg\" \/>\n<meta name=\"author\" content=\"asociados\" \/>\n<meta name=\"twitter:card\" content=\"summary_large_image\" \/>\n<meta name=\"twitter:label1\" content=\"Escrito por\" \/>\n\t<meta name=\"twitter:data1\" content=\"asociados\" \/>\n\t<meta name=\"twitter:label2\" content=\"Tiempo de lectura\" \/>\n\t<meta name=\"twitter:data2\" content=\"3 minutos\" \/>\n<script type=\"application\/ld+json\" class=\"yoast-schema-graph\">{\"@context\":\"https:\/\/schema.org\",\"@graph\":[{\"@type\":\"Article\",\"@id\":\"https:\/\/www.grupodcc3000.com\/asociado\/sanchezmejias\/faura-articulos-para-tu-jardin-reforma-tu-parcela-con-productos-de-calidad\/#article\",\"isPartOf\":{\"@id\":\"https:\/\/www.grupodcc3000.com\/asociado\/sanchezmejias\/faura-articulos-para-tu-jardin-reforma-tu-parcela-con-productos-de-calidad\/\"},\"author\":{\"name\":\"asociados\",\"@id\":\"https:\/\/www.grupodcc3000.com\/asociado\/sanchezmejias\/#\/schema\/person\/2b64f2e2bd240c328e3e8d0df54cd119\"},\"headline\":\"REFORMA TU JARD\u00cdN GRACIAS A LOS ARTICULOS DE CALIDAD DE FAURA\",\"datePublished\":\"2022-03-31T15:46:24+00:00\",\"dateModified\":\"2022-03-31T15:49:43+00:00\",\"mainEntityOfPage\":{\"@id\":\"https:\/\/www.grupodcc3000.com\/asociado\/sanchezmejias\/faura-articulos-para-tu-jardin-reforma-tu-parcela-con-productos-de-calidad\/\"},\"wordCount\":518,\"commentCount\":0,\"image\":{\"@id\":\"https:\/\/www.grupodcc3000.com\/asociado\/sanchezmejias\/faura-articulos-para-tu-jardin-reforma-tu-parcela-con-productos-de-calidad\/#primaryimage\"},\"thumbnailUrl\":\"https:\/\/www.grupodcc3000.com\/asociado\/wp-content\/uploads\/2022\/03\/DSC_6338_faura-1024x683.jpg\",\"inLanguage\":\"es\",\"potentialAction\":[{\"@type\":\"CommentAction\",\"name\":\"Comment\",\"target\":[\"https:\/\/www.grupodcc3000.com\/asociado\/sanchezmejias\/faura-articulos-para-tu-jardin-reforma-tu-parcela-con-productos-de-calidad\/#respond\"]}]},{\"@type\":\"WebPage\",\"@id\":\"https:\/\/www.grupodcc3000.com\/asociado\/sanchezmejias\/faura-articulos-para-tu-jardin-reforma-tu-parcela-con-productos-de-calidad\/\",\"url\":\"https:\/\/www.grupodcc3000.com\/asociado\/sanchezmejias\/faura-articulos-para-tu-jardin-reforma-tu-parcela-con-productos-de-calidad\/\",\"name\":\"REFORMA TU JARD\u00cdN GRACIAS A LOS ARTICULOS DE CALIDAD DE FAURA - Materiales de Construcci\u00f3n Francisco S\u00e1nchez Mej\u00edas\",\"isPartOf\":{\"@id\":\"https:\/\/www.grupodcc3000.com\/asociado\/sanchezmejias\/#website\"},\"primaryImageOfPage\":{\"@id\":\"https:\/\/www.grupodcc3000.com\/asociado\/sanchezmejias\/faura-articulos-para-tu-jardin-reforma-tu-parcela-con-productos-de-calidad\/#primaryimage\"},\"image\":{\"@id\":\"https:\/\/www.grupodcc3000.com\/asociado\/sanchezmejias\/faura-articulos-para-tu-jardin-reforma-tu-parcela-con-productos-de-calidad\/#primaryimage\"},\"thumbnailUrl\":\"https:\/\/www.grupodcc3000.com\/asociado\/wp-content\/uploads\/2022\/03\/DSC_6338_faura-1024x683.jpg\",\"datePublished\":\"2022-03-31T15:46:24+00:00\",\"dateModified\":\"2022-03-31T15:49:43+00:00\",\"author\":{\"@id\":\"https:\/\/www.grupodcc3000.com\/asociado\/sanchezmejias\/#\/schema\/person\/2b64f2e2bd240c328e3e8d0df54cd119\"},\"breadcrumb\":{\"@id\":\"https:\/\/www.grupodcc3000.com\/asociado\/sanchezmejias\/faura-articulos-para-tu-jardin-reforma-tu-parcela-con-productos-de-calidad\/#breadcrumb\"},\"inLanguage\":\"es\",\"potentialAction\":[{\"@type\":\"ReadAction\",\"target\":[\"https:\/\/www.grupodcc3000.com\/asociado\/sanchezmejias\/faura-articulos-para-tu-jardin-reforma-tu-parcela-con-productos-de-calidad\/\"]}]},{\"@type\":\"ImageObject\",\"inLanguage\":\"es\",\"@id\":\"https:\/\/www.grupodcc3000.com\/asociado\/sanchezmejias\/faura-articulos-para-tu-jardin-reforma-tu-parcela-con-productos-de-calidad\/#primaryimage\",\"url\":\"https:\/\/www.grupodcc3000.com\/asociado\/wp-content\/uploads\/2022\/03\/DSC_6338_faura-1024x683.jpg\",\"contentUrl\":\"https:\/\/www.grupodcc3000.com\/asociado\/wp-content\/uploads\/2022\/03\/DSC_6338_faura-1024x683.jpg\"},{\"@type\":\"BreadcrumbList\",\"@id\":\"https:\/\/www.grupodcc3000.com\/asociado\/sanchezmejias\/faura-articulos-para-tu-jardin-reforma-tu-parcela-con-productos-de-calidad\/#breadcrumb\",\"itemListElement\":[{\"@type\":\"ListItem\",\"position\":1,\"name\":\"Portada\",\"item\":\"https:\/\/www.grupodcc3000.com\/asociado\/sanchezmejias\/\"},{\"@type\":\"ListItem\",\"position\":2,\"name\":\"REFORMA TU JARD\u00cdN GRACIAS A LOS ARTICULOS DE CALIDAD DE FAURA\"}]},{\"@type\":\"WebSite\",\"@id\":\"https:\/\/www.grupodcc3000.com\/asociado\/sanchezmejias\/#website\",\"url\":\"https:\/\/www.grupodcc3000.com\/asociado\/sanchezmejias\/\",\"name\":\"Materiales de Construcci\u00f3n Francisco S\u00e1nchez Mej\u00edas\",\"description\":\"Otro sitio m\u00e1s de Asociados GrupoDCC3000\",\"potentialAction\":[{\"@type\":\"SearchAction\",\"target\":{\"@type\":\"EntryPoint\",\"urlTemplate\":\"https:\/\/www.grupodcc3000.com\/asociado\/sanchezmejias\/?s={search_term_string}\"},\"query-input\":{\"@type\":\"PropertyValueSpecification\",\"valueRequired\":true,\"valueName\":\"search_term_string\"}}],\"inLanguage\":\"es\"},{\"@type\":\"Person\",\"@id\":\"https:\/\/www.grupodcc3000.com\/asociado\/sanchezmejias\/#\/schema\/person\/2b64f2e2bd240c328e3e8d0df54cd119\",\"name\":\"asociados\",\"image\":{\"@type\":\"ImageObject\",\"inLanguage\":\"es\",\"@id\":\"https:\/\/www.grupodcc3000.com\/asociado\/sanchezmejias\/#\/schema\/person\/image\/\",\"url\":\"https:\/\/secure.gravatar.com\/avatar\/6b41fd62627be1e31dd70c283f3c5188b54fd100fda2f47adaaedb335e881254?s=96&d=mm&r=g\",\"contentUrl\":\"https:\/\/secure.gravatar.com\/avatar\/6b41fd62627be1e31dd70c283f3c5188b54fd100fda2f47adaaedb335e881254?s=96&d=mm&r=g\",\"caption\":\"asociados\"},\"url\":\"https:\/\/www.grupodcc3000.com\/asociado\/sanchezmejias\/author\/asociados\/\"}]}<\/script>\n<!-- \/ Yoast SEO plugin. -->","yoast_head_json":{"title":"REFORMA TU JARD\u00cdN GRACIAS A LOS ARTICULOS DE CALIDAD DE FAURA - Materiales de Construcci\u00f3n Francisco S\u00e1nchez Mej\u00edas","robots":{"index":"index","follow":"follow","max-snippet":"max-snippet:-1","max-image-preview":"max-image-preview:large","max-video-preview":"max-video-preview:-1"},"canonical":"https:\/\/www.grupodcc3000.com\/asociado\/sanchezmejias\/faura-articulos-para-tu-jardin-reforma-tu-parcela-con-productos-de-calidad\/","og_locale":"es_ES","og_type":"article","og_title":"REFORMA TU JARD\u00cdN GRACIAS A LOS ARTICULOS DE CALIDAD DE FAURA - Materiales de Construcci\u00f3n Francisco S\u00e1nchez Mej\u00edas","og_description":"Ca\u00f1izos Faura: art\u00edculos relacionados con el Garden, una empresa con m\u00e1s de 50 a\u00f1os en el sector.","og_url":"https:\/\/www.grupodcc3000.com\/asociado\/sanchezmejias\/faura-articulos-para-tu-jardin-reforma-tu-parcela-con-productos-de-calidad\/","og_site_name":"Materiales de Construcci\u00f3n Francisco S\u00e1nchez Mej\u00edas","article_published_time":"2022-03-31T15:46:24+00:00","article_modified_time":"2022-03-31T15:49:43+00:00","og_image":[{"url":"https:\/\/www.grupodcc3000.com\/asociado\/wp-content\/uploads\/2022\/03\/DSC_6338_faura-1024x683.jpg","type":"","width":"","height":""}],"author":"asociados","twitter_card":"summary_large_image","twitter_misc":{"Escrito por":"asociados","Tiempo de lectura":"3 minutos"},"schema":{"@context":"https:\/\/schema.org","@graph":[{"@type":"Article","@id":"https:\/\/www.grupodcc3000.com\/asociado\/sanchezmejias\/faura-articulos-para-tu-jardin-reforma-tu-parcela-con-productos-de-calidad\/#article","isPartOf":{"@id":"https:\/\/www.grupodcc3000.com\/asociado\/sanchezmejias\/faura-articulos-para-tu-jardin-reforma-tu-parcela-con-productos-de-calidad\/"},"author":{"name":"asociados","@id":"https:\/\/www.grupodcc3000.com\/asociado\/sanchezmejias\/#\/schema\/person\/2b64f2e2bd240c328e3e8d0df54cd119"},"headline":"REFORMA TU JARD\u00cdN GRACIAS A LOS ARTICULOS DE CALIDAD DE FAURA","datePublished":"2022-03-31T15:46:24+00:00","dateModified":"2022-03-31T15:49:43+00:00","mainEntityOfPage":{"@id":"https:\/\/www.grupodcc3000.com\/asociado\/sanchezmejias\/faura-articulos-para-tu-jardin-reforma-tu-parcela-con-productos-de-calidad\/"},"wordCount":518,"commentCount":0,"image":{"@id":"https:\/\/www.grupodcc3000.com\/asociado\/sanchezmejias\/faura-articulos-para-tu-jardin-reforma-tu-parcela-con-productos-de-calidad\/#primaryimage"},"thumbnailUrl":"https:\/\/www.grupodcc3000.com\/asociado\/wp-content\/uploads\/2022\/03\/DSC_6338_faura-1024x683.jpg","inLanguage":"es","potentialAction":[{"@type":"CommentAction","name":"Comment","target":["https:\/\/www.grupodcc3000.com\/asociado\/sanchezmejias\/faura-articulos-para-tu-jardin-reforma-tu-parcela-con-productos-de-calidad\/#respond"]}]},{"@type":"WebPage","@id":"https:\/\/www.grupodcc3000.com\/asociado\/sanchezmejias\/faura-articulos-para-tu-jardin-reforma-tu-parcela-con-productos-de-calidad\/","url":"https:\/\/www.grupodcc3000.com\/asociado\/sanchezmejias\/faura-articulos-para-tu-jardin-reforma-tu-parcela-con-productos-de-calidad\/","name":"REFORMA TU JARD\u00cdN GRACIAS A LOS ARTICULOS DE CALIDAD DE FAURA - Materiales de Construcci\u00f3n Francisco S\u00e1nchez Mej\u00edas","isPartOf":{"@id":"https:\/\/www.grupodcc3000.com\/asociado\/sanchezmejias\/#website"},"primaryImageOfPage":{"@id":"https:\/\/www.grupodcc3000.com\/asociado\/sanchezmejias\/faura-articulos-para-tu-jardin-reforma-tu-parcela-con-productos-de-calidad\/#primaryimage"},"image":{"@id":"https:\/\/www.grupodcc3000.com\/asociado\/sanchezmejias\/faura-articulos-para-tu-jardin-reforma-tu-parcela-con-productos-de-calidad\/#primaryimage"},"thumbnailUrl":"https:\/\/www.grupodcc3000.com\/asociado\/wp-content\/uploads\/2022\/03\/DSC_6338_faura-1024x683.jpg","datePublished":"2022-03-31T15:46:24+00:00","dateModified":"2022-03-31T15:49:43+00:00","author":{"@id":"https:\/\/www.grupodcc3000.com\/asociado\/sanchezmejias\/#\/schema\/person\/2b64f2e2bd240c328e3e8d0df54cd119"},"breadcrumb":{"@id":"https:\/\/www.grupodcc3000.com\/asociado\/sanchezmejias\/faura-articulos-para-tu-jardin-reforma-tu-parcela-con-productos-de-calidad\/#breadcrumb"},"inLanguage":"es","potentialAction":[{"@type":"ReadAction","target":["https:\/\/www.grupodcc3000.com\/asociado\/sanchezmejias\/faura-articulos-para-tu-jardin-reforma-tu-parcela-con-productos-de-calidad\/"]}]},{"@type":"ImageObject","inLanguage":"es","@id":"https:\/\/www.grupodcc3000.com\/asociado\/sanchezmejias\/faura-articulos-para-tu-jardin-reforma-tu-parcela-con-productos-de-calidad\/#primaryimage","url":"https:\/\/www.grupodcc3000.com\/asociado\/wp-content\/uploads\/2022\/03\/DSC_6338_faura-1024x683.jpg","contentUrl":"https:\/\/www.grupodcc3000.com\/asociado\/wp-content\/uploads\/2022\/03\/DSC_6338_faura-1024x683.jpg"},{"@type":"BreadcrumbList","@id":"https:\/\/www.grupodcc3000.com\/asociado\/sanchezmejias\/faura-articulos-para-tu-jardin-reforma-tu-parcela-con-productos-de-calidad\/#breadcrumb","itemListElement":[{"@type":"ListItem","position":1,"name":"Portada","item":"https:\/\/www.grupodcc3000.com\/asociado\/sanchezmejias\/"},{"@type":"ListItem","position":2,"name":"REFORMA TU JARD\u00cdN GRACIAS A LOS ARTICULOS DE CALIDAD DE FAURA"}]},{"@type":"WebSite","@id":"https:\/\/www.grupodcc3000.com\/asociado\/sanchezmejias\/#website","url":"https:\/\/www.grupodcc3000.com\/asociado\/sanchezmejias\/","name":"Materiales de Construcci\u00f3n Francisco S\u00e1nchez Mej\u00edas","description":"Otro sitio m\u00e1s de Asociados GrupoDCC3000","potentialAction":[{"@type":"SearchAction","target":{"@type":"EntryPoint","urlTemplate":"https:\/\/www.grupodcc3000.com\/asociado\/sanchezmejias\/?s={search_term_string}"},"query-input":{"@type":"PropertyValueSpecification","valueRequired":true,"valueName":"search_term_string"}}],"inLanguage":"es"},{"@type":"Person","@id":"https:\/\/www.grupodcc3000.com\/asociado\/sanchezmejias\/#\/schema\/person\/2b64f2e2bd240c328e3e8d0df54cd119","name":"asociados","image":{"@type":"ImageObject","inLanguage":"es","@id":"https:\/\/www.grupodcc3000.com\/asociado\/sanchezmejias\/#\/schema\/person\/image\/","url":"https:\/\/secure.gravatar.com\/avatar\/6b41fd62627be1e31dd70c283f3c5188b54fd100fda2f47adaaedb335e881254?s=96&d=mm&r=g","contentUrl":"https:\/\/secure.gravatar.com\/avatar\/6b41fd62627be1e31dd70c283f3c5188b54fd100fda2f47adaaedb335e881254?s=96&d=mm&r=g","caption":"asociados"},"url":"https:\/\/www.grupodcc3000.com\/asociado\/sanchezmejias\/author\/asociados\/"}]}},"_links":{"self":[{"href":"https:\/\/www.grupodcc3000.com\/asociado\/sanchezmejias\/wp-json\/wp\/v2\/posts\/3205","targetHints":{"allow":["GET"]}}],"collection":[{"href":"https:\/\/www.grupodcc3000.com\/asociado\/sanchezmejias\/wp-json\/wp\/v2\/posts"}],"about":[{"href":"https:\/\/www.grupodcc3000.com\/asociado\/sanchezmejias\/wp-json\/wp\/v2\/types\/post"}],"author":[{"embeddable":true,"href":"https:\/\/www.grupodcc3000.com\/asociado\/sanchezmejias\/wp-json\/wp\/v2\/users\/4"}],"replies":[{"embeddable":true,"href":"https:\/\/www.grupodcc3000.com\/asociado\/sanchezmejias\/wp-json\/wp\/v2\/comments?post=3205"}],"version-history":[{"count":0,"href":"https:\/\/www.grupodcc3000.com\/asociado\/sanchezmejias\/wp-json\/wp\/v2\/posts\/3205\/revisions"}],"wp:attachment":[{"href":"https:\/\/www.grupodcc3000.com\/asociado\/sanchezmejias\/wp-json\/wp\/v2\/media?parent=3205"}],"wp:term":[{"taxonomy":"category","embeddable":true,"href":"https:\/\/www.grupodcc3000.com\/asociado\/sanchezmejias\/wp-json\/wp\/v2\/categories?post=3205"},{"taxonomy":"post_tag","embeddable":true,"href":"https:\/\/www.grupodcc3000.com\/asociado\/sanchezmejias\/wp-json\/wp\/v2\/tags?post=3205"}],"curies":[{"name":"wp","href":"https:\/\/api.w.org\/{rel}","templated":true}]}}